{"id":1058,"date":"2023-09-04T11:43:14","date_gmt":"2023-09-04T09:43:14","guid":{"rendered":"https:\/\/martin.armentierois.fr\/?p=1058"},"modified":"2023-09-16T11:40:10","modified_gmt":"2023-09-16T09:40:10","slug":"histoire-de-leglise-saint-martin","status":"publish","type":"post","link":"https:\/\/vaast.armentierois.fr\/?p=1058","title":{"rendered":"Histoire de l&#8217;\u00e9glise Saint-Vaast"},"content":{"rendered":"\n<p id=\"block-d8710956-f8af-4747-b067-41ccfbe77427\">Cette \u00e9glise fut&nbsp;d\u00e9di\u00e9e&nbsp;\u00e0 Saint Vaast : il&nbsp;est connu comme \u00e9tant un des grands&nbsp;\u00e9vang\u00e9lisateurs&nbsp;des Flandres.<\/p>\n\n\n\n<p id=\"block-e049563f-acaf-42f4-b642-072a86dc414c\">Sa pr\u00e9sence est attest\u00e9e par un document officiel de Charles le Chauve qui la cite au nombre des possessions de l&#8217;abbaye de Saint-Vaast d&#8217;Arras. L&#8217;\u00e9glise fut maintes fois d\u00e9truite et subit toutes les vicissitudes de la ville: saccages et incendies de 1339, 1382 et 1477.<\/p>\n\n\n\n<p>Agrandie en 1520, elle fut \u00e0 nouveau mise \u00e0 sac en 1566 puis fortement endommag\u00e9e en 1610 et d\u00e9saffect\u00e9e sous la R\u00e9volution.<\/p>\n\n\n\n<p>Rendue provisoirement au culte en 1796 puis d\u00e9finitivement en 1802, elle se pr\u00e9sentait avant 1847 comme un b\u00e2timent de style ogival avec un clocher trapu support\u00e9 par quatre piliers situ\u00e9s au milieu du ch\u0153ur. En 1847, le clocher est reconstruit en fa\u00e7ade de la place de l&#8217;\u00e9glise et de 1852 \u00e0 1864, c&#8217;est l&#8217;ensemble du b\u00e2timent qui est r\u00e9\u00e9difi\u00e9 dans un style gothique suivant les plans de M. Dutouquet, architecte \u00e0 Valenciennes.<\/p>\n\n\n\n<p>D\u00e9truite sous les bombardements de 1914 \u00e0 1918, la derni\u00e8re messe dans ses ruines eut lieu le 21 mai 1921, lors de la visite du Mar\u00e9chal Foch venu remettre la Croix de Guerre \u00e0 la ville. Apr\u00e8s la fin de la guerre, la ville n&#8217;\u00e9tait plus que d\u00e9solation. L&#8217;\u00e9glise Saint-Vaast offrait le douloureux spectacle de ses ruines. Plusieurs fois d\u00e9truite et reb\u00e2tie au cours des \u00e2ges, elle avait, cette fois-ci, succomb\u00e9 sous les obus allemands. Seuls les ornements liturgiques, quelques statues de bois sculpt\u00e9, les vases sacr\u00e9s, le grand Christ en bois sculpt\u00e9 et une Vierge en bois dor\u00e9, purent \u00eatre sauv\u00e9s.<\/p>\n\n\n\n<p>La reconstruction paraissait insurmontable. Il a fallu d&#8217;un homme, l&#8217;abb\u00e9 Lucien Bouchendomme (1879-1955), nomm\u00e9 doyen, le 3 f\u00e9vrier 1919, par Mgr Alexis Charost (1860-1930). C&#8217;est dans des \u00e9difices provisoires, vites devenues trop petits, que le nouveau pasteur c\u00e9l\u00e9brait ses messes.<\/p>\n\n\n\n<p>L&#8217;\u00e9glise actuelle a \u00e9t\u00e9 inaugur\u00e9e est le 8 septembre 1929 par Mgr Achille Lienart. La messe solennelle fut ensuite c\u00e9l\u00e9br\u00e9e par l&#8217;abb\u00e9 Lucien Bouchendomme, artisan actif de cette r\u00e9surrection, devenu vicaire g\u00e9n\u00e9ral du dioc\u00e8se de Lille.<\/p>\n\n\n\n<p>C&#8217;est Louis-Marie Cordonnier, architecte, qui a reconstruit l&#8217;\u00e9glise ainsi qu&#8217;un grand nombre de b\u00e2timents d\u00e9vast\u00e9s lors de la Grande Guerre.<\/p>\n\n\n\n<figure class=\"wp-block-image size-large\"><img loading=\"lazy\" decoding=\"async\" width=\"640\" height=\"853\" src=\"https:\/\/i0.wp.com\/vaast.armentierois.fr\/wp-content\/uploads\/2023\/09\/64e0efab-fcb1-4bde-a1e7-16fbca645ad6-5624-0000034662ee0798_file.jpg?resize=640%2C853&#038;ssl=1\" alt=\"\" class=\"wp-image-1922\" srcset=\"https:\/\/i0.wp.com\/vaast.armentierois.fr\/wp-content\/uploads\/2023\/09\/64e0efab-fcb1-4bde-a1e7-16fbca645ad6-5624-0000034662ee0798_file-scaled.jpg?resize=768%2C1024&amp;ssl=1 768w, https:\/\/i0.wp.com\/vaast.armentierois.fr\/wp-content\/uploads\/2023\/09\/64e0efab-fcb1-4bde-a1e7-16fbca645ad6-5624-0000034662ee0798_file-scaled.jpg?resize=225%2C300&amp;ssl=1 225w, https:\/\/i0.wp.com\/vaast.armentierois.fr\/wp-content\/uploads\/2023\/09\/64e0efab-fcb1-4bde-a1e7-16fbca645ad6-5624-0000034662ee0798_file-scaled.jpg?resize=1152%2C1536&amp;ssl=1 1152w, https:\/\/i0.wp.com\/vaast.armentierois.fr\/wp-content\/uploads\/2023\/09\/64e0efab-fcb1-4bde-a1e7-16fbca645ad6-5624-0000034662ee0798_file-scaled.jpg?resize=1536%2C2048&amp;ssl=1 1536w, https:\/\/i0.wp.com\/vaast.armentierois.fr\/wp-content\/uploads\/2023\/09\/64e0efab-fcb1-4bde-a1e7-16fbca645ad6-5624-0000034662ee0798_file-scaled.jpg?w=1920&amp;ssl=1 1920w, https:\/\/i0.wp.com\/vaast.armentierois.fr\/wp-content\/uploads\/2023\/09\/64e0efab-fcb1-4bde-a1e7-16fbca645ad6-5624-0000034662ee0798_file-scaled.jpg?w=1280&amp;ssl=1 1280w\" sizes=\"auto, (max-width: 640px) 100vw, 640px\" data-recalc-dims=\"1\" \/><figcaption class=\"wp-element-caption\"><em>Plaque historique de la pose de la premi\u00e8re pierre de l&#8217;\u00e9glise reconstruite <\/em><\/figcaption><\/figure>\n\n\n\n<p> <\/p>\n\n\n\n<p><\/p>\n","protected":false},"excerpt":{"rendered":"<p>Cette \u00e9glise fut&nbsp;d\u00e9di\u00e9e&nbsp;\u00e0 Saint Vaast : il&nbsp;est connu comme \u00e9tant un des grands&nbsp;\u00e9vang\u00e9lisateurs&nbsp;des Flandres. Sa pr\u00e9sence est attest\u00e9e par un &hellip; <\/p>\n","protected":false},"author":1,"featured_media":1922,"comment_status":"open","ping_status":"open","sticky":false,"template":"","format":"standard","meta":{"footnotes":""},"categories":[6,5],"tags":[],"class_list":["post-1058","post","type-post","status-publish","format-standard","has-post-thumbnail","hentry","category-info","category-memoire"],"jetpack_featured_media_url":"https:\/\/i0.wp.com\/vaast.armentierois.fr\/wp-content\/uploads\/2023\/09\/64e0efab-fcb1-4bde-a1e7-16fbca645ad6-5624-0000034662ee0798_file-scaled.jpg?fit=1920%2C2560&ssl=1","_links":{"self":[{"href":"https:\/\/vaast.armentierois.fr\/index.php?rest_route=\/wp\/v2\/posts\/1058","targetHints":{"allow":["GET"]}}],"collection":[{"href":"https:\/\/vaast.armentierois.fr\/index.php?rest_route=\/wp\/v2\/posts"}],"about":[{"href":"https:\/\/vaast.armentierois.fr\/index.php?rest_route=\/wp\/v2\/types\/post"}],"author":[{"embeddable":true,"href":"https:\/\/vaast.armentierois.fr\/index.php?rest_route=\/wp\/v2\/users\/1"}],"replies":[{"embeddable":true,"href":"https:\/\/vaast.armentierois.fr\/index.php?rest_route=%2Fwp%2Fv2%2Fcomments&post=1058"}],"version-history":[{"count":5,"href":"https:\/\/vaast.armentierois.fr\/index.php?rest_route=\/wp\/v2\/posts\/1058\/revisions"}],"predecessor-version":[{"id":2225,"href":"https:\/\/vaast.armentierois.fr\/index.php?rest_route=\/wp\/v2\/posts\/1058\/revisions\/2225"}],"wp:featuredmedia":[{"embeddable":true,"href":"https:\/\/vaast.armentierois.fr\/index.php?rest_route=\/wp\/v2\/media\/1922"}],"wp:attachment":[{"href":"https:\/\/vaast.armentierois.fr\/index.php?rest_route=%2Fwp%2Fv2%2Fmedia&parent=1058"}],"wp:term":[{"taxonomy":"category","embeddable":true,"href":"https:\/\/vaast.armentierois.fr\/index.php?rest_route=%2Fwp%2Fv2%2Fcategories&post=1058"},{"taxonomy":"post_tag","embeddable":true,"href":"https:\/\/vaast.armentierois.fr\/index.php?rest_route=%2Fwp%2Fv2%2Ftags&post=1058"}],"curies":[{"name":"wp","href":"https:\/\/api.w.org\/{rel}","templated":true}]}}