{"id":126,"date":"2023-07-16T17:40:26","date_gmt":"2023-07-16T15:40:26","guid":{"rendered":"http:\/\/www.nds.armentierois.fr\/?p=126"},"modified":"2023-09-16T10:49:34","modified_gmt":"2023-09-16T08:49:34","slug":"allumer-une-bougie-ou-un-cierge","status":"publish","type":"post","link":"https:\/\/vaast.armentierois.fr\/?p=126","title":{"rendered":"Allumer une bougie"},"content":{"rendered":"\n<p>J\u00e9sus nous dit &#8220;Je suis la lumi\u00e8re du monde&#8221;. Pour avancer dans nos vies nous avons besoin de lumi\u00e8re et particuli\u00e8rement de la lumi\u00e8re de J\u00e9sus. Lorsqu&#8217;on a peu de mots ou que l&#8217;on a de la difficult\u00e9 \u00e0 prier, on peut allumer une bougie pour confier au Seigneur une personne, une situation et lui signifier que l&#8217;on attend sa lumi\u00e8re. <\/p>\n\n\n\n<p>J\u00e9sus nous dit &#8220;Moi, je prie pour eux&#8221; Jn 17,9. Il nous assure de sa pri\u00e8re qu&#8217;il confie au P\u00e8re et \u00e0 l&#8217;Esprit-Saint. Allumer une bougie, c&#8217;est unir notre pri\u00e8re \u00e0 celle de J\u00e9sus et compter sur celle de J\u00e9sus. En quittant l&#8217;\u00e9glise, la bougie continuera de br\u00fbler, J\u00e9sus lumi\u00e8re poursuivra sa pri\u00e8re pour nous.<\/p>\n\n\n\n<p>Pour les chercheurs de Dieu ou m\u00eame pour ceux qui ne le connaissent pas encore, ce geste peut exprimer des pens\u00e9es ou des sentiments parfois difficiles \u00e0 formuler. La bougie apporte la lumi\u00e8re qui \u00e9claire, r\u00e9chauffe et sert \u00e0 exprimer ce qui est important pour l\u2019Homme.<\/p>\n\n\n\n<figure class=\"wp-block-image size-large\"><img decoding=\"async\" src=\"https:\/\/i0.wp.com\/martin.armentierois.fr\/wp-content\/uploads\/2023\/07\/tea-lights-g385f45c8d_1280-1024x682.jpg?resize=640%2C426&#038;ssl=1\" alt=\"\" class=\"wp-image-127\" data-recalc-dims=\"1\"\/><\/figure>\n\n\n\n<p>En versant dans le tronc une offrande pour la bougie que j&#8217;allume, je soutiens la paroisse qui m&#8217;accueille, je participe aux frais d&#8217;entretien de l&#8217;\u00e9glise ouverte.<\/p>\n\n\n\n<p>Si je n&#8217;ai pas d&#8217;esp\u00e8ces, il est possible de donner avec sa carte bancaire via le lien suivant : <a href=\"https:\/\/www.helloasso.com\/associations\/association-diocesaine-de-lille-paroisse-les-douze-apotres\/paiements\/offrir-un-cierge\">Offrir un cierge &#8211; Association Dioc\u00e9saine de Lille &#8211; Paroisse les douze ap\u00f4tres (helloasso.com)<\/a><\/p>\n\n\n\n<figure class=\"wp-block-image size-large\"><img loading=\"lazy\" decoding=\"async\" width=\"640\" height=\"853\" src=\"https:\/\/i0.wp.com\/vaast.armentierois.fr\/wp-content\/uploads\/2023\/09\/8bdf4de2-b438-4905-ab79-f019b71950f4-4064-0000030ff0050eea_file.jpg?resize=640%2C853&#038;ssl=1\" alt=\"\" class=\"wp-image-1796\" srcset=\"https:\/\/i0.wp.com\/vaast.armentierois.fr\/wp-content\/uploads\/2023\/09\/8bdf4de2-b438-4905-ab79-f019b71950f4-4064-0000030ff0050eea_file-scaled.jpg?resize=768%2C1024&amp;ssl=1 768w, https:\/\/i0.wp.com\/vaast.armentierois.fr\/wp-content\/uploads\/2023\/09\/8bdf4de2-b438-4905-ab79-f019b71950f4-4064-0000030ff0050eea_file-scaled.jpg?resize=225%2C300&amp;ssl=1 225w, https:\/\/i0.wp.com\/vaast.armentierois.fr\/wp-content\/uploads\/2023\/09\/8bdf4de2-b438-4905-ab79-f019b71950f4-4064-0000030ff0050eea_file-scaled.jpg?resize=1152%2C1536&amp;ssl=1 1152w, https:\/\/i0.wp.com\/vaast.armentierois.fr\/wp-content\/uploads\/2023\/09\/8bdf4de2-b438-4905-ab79-f019b71950f4-4064-0000030ff0050eea_file-scaled.jpg?resize=1536%2C2048&amp;ssl=1 1536w, https:\/\/i0.wp.com\/vaast.armentierois.fr\/wp-content\/uploads\/2023\/09\/8bdf4de2-b438-4905-ab79-f019b71950f4-4064-0000030ff0050eea_file-scaled.jpg?w=1920&amp;ssl=1 1920w, https:\/\/i0.wp.com\/vaast.armentierois.fr\/wp-content\/uploads\/2023\/09\/8bdf4de2-b438-4905-ab79-f019b71950f4-4064-0000030ff0050eea_file-scaled.jpg?w=1280&amp;ssl=1 1280w\" sizes=\"auto, (max-width: 640px) 100vw, 640px\" data-recalc-dims=\"1\" \/><\/figure>\n","protected":false},"excerpt":{"rendered":"<p>J\u00e9sus nous dit &#8220;Je suis la lumi\u00e8re du monde&#8221;. Pour avancer dans nos vies nous avons besoin de lumi\u00e8re et &hellip; <\/p>\n","protected":false},"author":1,"featured_media":2166,"comment_status":"open","ping_status":"open","sticky":false,"template":"","format":"standard","meta":{"footnotes":""},"categories":[3],"tags":[],"class_list":["post-126","post","type-post","status-publish","format-standard","has-post-thumbnail","hentry","category-devotion"],"jetpack_featured_media_url":"https:\/\/i0.wp.com\/vaast.armentierois.fr\/wp-content\/uploads\/2023\/07\/tea-lights-g385f45c8d_1280.jpg?fit=1280%2C853&ssl=1","_links":{"self":[{"href":"https:\/\/vaast.armentierois.fr\/index.php?rest_route=\/wp\/v2\/posts\/126","targetHints":{"allow":["GET"]}}],"collection":[{"href":"https:\/\/vaast.armentierois.fr\/index.php?rest_route=\/wp\/v2\/posts"}],"about":[{"href":"https:\/\/vaast.armentierois.fr\/index.php?rest_route=\/wp\/v2\/types\/post"}],"author":[{"embeddable":true,"href":"https:\/\/vaast.armentierois.fr\/index.php?rest_route=\/wp\/v2\/users\/1"}],"replies":[{"embeddable":true,"href":"https:\/\/vaast.armentierois.fr\/index.php?rest_route=%2Fwp%2Fv2%2Fcomments&post=126"}],"version-history":[{"count":5,"href":"https:\/\/vaast.armentierois.fr\/index.php?rest_route=\/wp\/v2\/posts\/126\/revisions"}],"predecessor-version":[{"id":2198,"href":"https:\/\/vaast.armentierois.fr\/index.php?rest_route=\/wp\/v2\/posts\/126\/revisions\/2198"}],"wp:featuredmedia":[{"embeddable":true,"href":"https:\/\/vaast.armentierois.fr\/index.php?rest_route=\/wp\/v2\/media\/2166"}],"wp:attachment":[{"href":"https:\/\/vaast.armentierois.fr\/index.php?rest_route=%2Fwp%2Fv2%2Fmedia&parent=126"}],"wp:term":[{"taxonomy":"category","embeddable":true,"href":"https:\/\/vaast.armentierois.fr\/index.php?rest_route=%2Fwp%2Fv2%2Fcategories&post=126"},{"taxonomy":"post_tag","embeddable":true,"href":"https:\/\/vaast.armentierois.fr\/index.php?rest_route=%2Fwp%2Fv2%2Ftags&post=126"}],"curies":[{"name":"wp","href":"https:\/\/api.w.org\/{rel}","templated":true}]}}