{"id":1622,"date":"2023-09-12T11:33:24","date_gmt":"2023-09-12T09:33:24","guid":{"rendered":"https:\/\/martin.armentierois.fr\/?p=1622"},"modified":"2023-09-14T21:12:29","modified_gmt":"2023-09-14T19:12:29","slug":"lorgue","status":"publish","type":"post","link":"https:\/\/vaast.armentierois.fr\/?p=1622","title":{"rendered":"L&#8217;orgue"},"content":{"rendered":"\n<p>Un orgue est install\u00e9 en tribune de l&#8217;\u00e9glise Saint-Vaast. Il s&#8217;agit d&#8217;un orgue \u00e9lectropneumatique de la maison Grammet.<\/p>\n\n\n\n<figure class=\"wp-block-image size-large\"><img loading=\"lazy\" decoding=\"async\" width=\"640\" height=\"853\" src=\"https:\/\/i0.wp.com\/vaast.armentierois.fr\/wp-content\/uploads\/2023\/09\/6d358e33-0201-4f64-9b47-e01576a37f6c-713-000000d4f5f97d93_file.jpg?resize=640%2C853&#038;ssl=1\" alt=\"\" class=\"wp-image-2124\" srcset=\"https:\/\/i0.wp.com\/vaast.armentierois.fr\/wp-content\/uploads\/2023\/09\/6d358e33-0201-4f64-9b47-e01576a37f6c-713-000000d4f5f97d93_file-scaled.jpg?resize=768%2C1024&amp;ssl=1 768w, https:\/\/i0.wp.com\/vaast.armentierois.fr\/wp-content\/uploads\/2023\/09\/6d358e33-0201-4f64-9b47-e01576a37f6c-713-000000d4f5f97d93_file-scaled.jpg?resize=225%2C300&amp;ssl=1 225w, https:\/\/i0.wp.com\/vaast.armentierois.fr\/wp-content\/uploads\/2023\/09\/6d358e33-0201-4f64-9b47-e01576a37f6c-713-000000d4f5f97d93_file-scaled.jpg?resize=1152%2C1536&amp;ssl=1 1152w, https:\/\/i0.wp.com\/vaast.armentierois.fr\/wp-content\/uploads\/2023\/09\/6d358e33-0201-4f64-9b47-e01576a37f6c-713-000000d4f5f97d93_file-scaled.jpg?resize=1536%2C2048&amp;ssl=1 1536w, https:\/\/i0.wp.com\/vaast.armentierois.fr\/wp-content\/uploads\/2023\/09\/6d358e33-0201-4f64-9b47-e01576a37f6c-713-000000d4f5f97d93_file-scaled.jpg?w=1920&amp;ssl=1 1920w, https:\/\/i0.wp.com\/vaast.armentierois.fr\/wp-content\/uploads\/2023\/09\/6d358e33-0201-4f64-9b47-e01576a37f6c-713-000000d4f5f97d93_file-scaled.jpg?w=1280&amp;ssl=1 1280w\" sizes=\"auto, (max-width: 640px) 100vw, 640px\" data-recalc-dims=\"1\" \/><\/figure>\n","protected":false},"excerpt":{"rendered":"<p>Un orgue est install\u00e9 en tribune de l&#8217;\u00e9glise Saint-Vaast. Il s&#8217;agit d&#8217;un orgue \u00e9lectropneumatique de la maison Grammet.<\/p>\n","protected":false},"author":1,"featured_media":2124,"comment_status":"open","ping_status":"open","sticky":false,"template":"","format":"standard","meta":{"footnotes":""},"categories":[3,4],"tags":[],"class_list":["post-1622","post","type-post","status-publish","format-standard","has-post-thumbnail","hentry","category-devotion","category-sacre"],"jetpack_featured_media_url":"https:\/\/i0.wp.com\/vaast.armentierois.fr\/wp-content\/uploads\/2023\/09\/6d358e33-0201-4f64-9b47-e01576a37f6c-713-000000d4f5f97d93_file-scaled.jpg?fit=1920%2C2560&ssl=1","_links":{"self":[{"href":"https:\/\/vaast.armentierois.fr\/index.php?rest_route=\/wp\/v2\/posts\/1622","targetHints":{"allow":["GET"]}}],"collection":[{"href":"https:\/\/vaast.armentierois.fr\/index.php?rest_route=\/wp\/v2\/posts"}],"about":[{"href":"https:\/\/vaast.armentierois.fr\/index.php?rest_route=\/wp\/v2\/types\/post"}],"author":[{"embeddable":true,"href":"https:\/\/vaast.armentierois.fr\/index.php?rest_route=\/wp\/v2\/users\/1"}],"replies":[{"embeddable":true,"href":"https:\/\/vaast.armentierois.fr\/index.php?rest_route=%2Fwp%2Fv2%2Fcomments&post=1622"}],"version-history":[{"count":8,"href":"https:\/\/vaast.armentierois.fr\/index.php?rest_route=\/wp\/v2\/posts\/1622\/revisions"}],"predecessor-version":[{"id":2180,"href":"https:\/\/vaast.armentierois.fr\/index.php?rest_route=\/wp\/v2\/posts\/1622\/revisions\/2180"}],"wp:featuredmedia":[{"embeddable":true,"href":"https:\/\/vaast.armentierois.fr\/index.php?rest_route=\/wp\/v2\/media\/2124"}],"wp:attachment":[{"href":"https:\/\/vaast.armentierois.fr\/index.php?rest_route=%2Fwp%2Fv2%2Fmedia&parent=1622"}],"wp:term":[{"taxonomy":"category","embeddable":true,"href":"https:\/\/vaast.armentierois.fr\/index.php?rest_route=%2Fwp%2Fv2%2Fcategories&post=1622"},{"taxonomy":"post_tag","embeddable":true,"href":"https:\/\/vaast.armentierois.fr\/index.php?rest_route=%2Fwp%2Fv2%2Ftags&post=1622"}],"curies":[{"name":"wp","href":"https:\/\/api.w.org\/{rel}","templated":true}]}}