{"id":171,"date":"2023-07-16T18:00:19","date_gmt":"2023-07-16T16:00:19","guid":{"rendered":"http:\/\/www.nds.armentierois.fr\/?p=171"},"modified":"2023-09-14T20:03:47","modified_gmt":"2023-09-14T18:03:47","slug":"le-monument-aux-morts-militaires-et-civils","status":"publish","type":"post","link":"https:\/\/vaast.armentierois.fr\/?p=171","title":{"rendered":"La chapelle de l\u2019esp\u00e9rance et le souvenir m\u00e9moriaux de nos d\u00e9funts"},"content":{"rendered":"\n<p>A l&#8217;entr\u00e9e droite de l&#8217;\u00e9glise Saint Vaast, on retrouve une chapelle de l&#8217;esp\u00e9rance d\u00e9di\u00e9e \u00e0 l&#8217;invocation du souvenir des victimes religieuses, militaires et civiles de la Grande Guerre. <\/p>\n\n\n\n<p>Ces derniers ont combattu pour notre pays, nous ne les oublions pas, nous les confions \u00e0 la tendresse du P\u00e8re.<\/p>\n\n\n\n<p>Les vitraux ext\u00e9rieurs de cette chapelle nous invitent \u00e0 l&#8217;esp\u00e9rance.<\/p>\n\n\n\n<figure class=\"wp-block-gallery has-nested-images columns-default is-cropped wp-block-gallery-1 is-layout-flex wp-block-gallery-is-layout-flex\">\n<figure class=\"wp-block-image size-large\"><img loading=\"lazy\" decoding=\"async\" width=\"640\" height=\"853\" data-id=\"2058\" src=\"https:\/\/i0.wp.com\/vaast.armentierois.fr\/wp-content\/uploads\/2023\/09\/326fa6ff-bb0a-45dc-99f9-dcf8f754536a-713-000000c3ebb9aa51_file.jpg?resize=640%2C853&#038;ssl=1\" alt=\"\" class=\"wp-image-2058\" srcset=\"https:\/\/i0.wp.com\/vaast.armentierois.fr\/wp-content\/uploads\/2023\/09\/326fa6ff-bb0a-45dc-99f9-dcf8f754536a-713-000000c3ebb9aa51_file-scaled.jpg?resize=768%2C1024&amp;ssl=1 768w, https:\/\/i0.wp.com\/vaast.armentierois.fr\/wp-content\/uploads\/2023\/09\/326fa6ff-bb0a-45dc-99f9-dcf8f754536a-713-000000c3ebb9aa51_file-scaled.jpg?resize=225%2C300&amp;ssl=1 225w, https:\/\/i0.wp.com\/vaast.armentierois.fr\/wp-content\/uploads\/2023\/09\/326fa6ff-bb0a-45dc-99f9-dcf8f754536a-713-000000c3ebb9aa51_file-scaled.jpg?resize=1152%2C1536&amp;ssl=1 1152w, https:\/\/i0.wp.com\/vaast.armentierois.fr\/wp-content\/uploads\/2023\/09\/326fa6ff-bb0a-45dc-99f9-dcf8f754536a-713-000000c3ebb9aa51_file-scaled.jpg?resize=1536%2C2048&amp;ssl=1 1536w, https:\/\/i0.wp.com\/vaast.armentierois.fr\/wp-content\/uploads\/2023\/09\/326fa6ff-bb0a-45dc-99f9-dcf8f754536a-713-000000c3ebb9aa51_file-scaled.jpg?w=1920&amp;ssl=1 1920w, https:\/\/i0.wp.com\/vaast.armentierois.fr\/wp-content\/uploads\/2023\/09\/326fa6ff-bb0a-45dc-99f9-dcf8f754536a-713-000000c3ebb9aa51_file-scaled.jpg?w=1280&amp;ssl=1 1280w\" sizes=\"auto, (max-width: 640px) 100vw, 640px\" data-recalc-dims=\"1\" \/><figcaption class=\"wp-element-caption\">Un ange vient chercher l&#8217;\u00e2me du poilus<\/figcaption><\/figure>\n\n\n\n<figure class=\"wp-block-image size-large\"><img loading=\"lazy\" decoding=\"async\" width=\"640\" height=\"853\" data-id=\"2059\" src=\"https:\/\/i0.wp.com\/vaast.armentierois.fr\/wp-content\/uploads\/2023\/09\/4796e09b-cec1-46b3-826c-5c26bda130c8-713-000000c41b4be3ed_file.jpg?resize=640%2C853&#038;ssl=1\" alt=\"\" class=\"wp-image-2059\" srcset=\"https:\/\/i0.wp.com\/vaast.armentierois.fr\/wp-content\/uploads\/2023\/09\/4796e09b-cec1-46b3-826c-5c26bda130c8-713-000000c41b4be3ed_file-scaled.jpg?resize=768%2C1024&amp;ssl=1 768w, https:\/\/i0.wp.com\/vaast.armentierois.fr\/wp-content\/uploads\/2023\/09\/4796e09b-cec1-46b3-826c-5c26bda130c8-713-000000c41b4be3ed_file-scaled.jpg?resize=225%2C300&amp;ssl=1 225w, https:\/\/i0.wp.com\/vaast.armentierois.fr\/wp-content\/uploads\/2023\/09\/4796e09b-cec1-46b3-826c-5c26bda130c8-713-000000c41b4be3ed_file-scaled.jpg?resize=1152%2C1536&amp;ssl=1 1152w, https:\/\/i0.wp.com\/vaast.armentierois.fr\/wp-content\/uploads\/2023\/09\/4796e09b-cec1-46b3-826c-5c26bda130c8-713-000000c41b4be3ed_file-scaled.jpg?resize=1536%2C2048&amp;ssl=1 1536w, https:\/\/i0.wp.com\/vaast.armentierois.fr\/wp-content\/uploads\/2023\/09\/4796e09b-cec1-46b3-826c-5c26bda130c8-713-000000c41b4be3ed_file-scaled.jpg?w=1920&amp;ssl=1 1920w, https:\/\/i0.wp.com\/vaast.armentierois.fr\/wp-content\/uploads\/2023\/09\/4796e09b-cec1-46b3-826c-5c26bda130c8-713-000000c41b4be3ed_file-scaled.jpg?w=1280&amp;ssl=1 1280w\" sizes=\"auto, (max-width: 640px) 100vw, 640px\" data-recalc-dims=\"1\" \/><figcaption class=\"wp-element-caption\">La Vierge Marie confie au P\u00e8re son Fils J\u00e9sus-Christ<\/figcaption><\/figure>\n\n\n\n<figure class=\"wp-block-image size-large\"><img loading=\"lazy\" decoding=\"async\" width=\"640\" height=\"853\" data-id=\"2060\" src=\"https:\/\/i0.wp.com\/vaast.armentierois.fr\/wp-content\/uploads\/2023\/09\/8029191f-2d6e-49fb-bd66-669efb0bd788-713-000000c4493a246b_file.jpg?resize=640%2C853&#038;ssl=1\" alt=\"\" class=\"wp-image-2060\" srcset=\"https:\/\/i0.wp.com\/vaast.armentierois.fr\/wp-content\/uploads\/2023\/09\/8029191f-2d6e-49fb-bd66-669efb0bd788-713-000000c4493a246b_file-scaled.jpg?resize=768%2C1024&amp;ssl=1 768w, https:\/\/i0.wp.com\/vaast.armentierois.fr\/wp-content\/uploads\/2023\/09\/8029191f-2d6e-49fb-bd66-669efb0bd788-713-000000c4493a246b_file-scaled.jpg?resize=225%2C300&amp;ssl=1 225w, https:\/\/i0.wp.com\/vaast.armentierois.fr\/wp-content\/uploads\/2023\/09\/8029191f-2d6e-49fb-bd66-669efb0bd788-713-000000c4493a246b_file-scaled.jpg?resize=1152%2C1536&amp;ssl=1 1152w, https:\/\/i0.wp.com\/vaast.armentierois.fr\/wp-content\/uploads\/2023\/09\/8029191f-2d6e-49fb-bd66-669efb0bd788-713-000000c4493a246b_file-scaled.jpg?resize=1536%2C2048&amp;ssl=1 1536w, https:\/\/i0.wp.com\/vaast.armentierois.fr\/wp-content\/uploads\/2023\/09\/8029191f-2d6e-49fb-bd66-669efb0bd788-713-000000c4493a246b_file-scaled.jpg?w=1920&amp;ssl=1 1920w, https:\/\/i0.wp.com\/vaast.armentierois.fr\/wp-content\/uploads\/2023\/09\/8029191f-2d6e-49fb-bd66-669efb0bd788-713-000000c4493a246b_file-scaled.jpg?w=1280&amp;ssl=1 1280w\" sizes=\"auto, (max-width: 640px) 100vw, 640px\" data-recalc-dims=\"1\" \/><\/figure>\n<\/figure>\n\n\n\n<figure class=\"wp-block-image size-large\"><img loading=\"lazy\" decoding=\"async\" width=\"640\" height=\"480\" src=\"https:\/\/i0.wp.com\/vaast.armentierois.fr\/wp-content\/uploads\/2023\/09\/35311d88-4a06-41f7-b7d4-170c99692b24-713-000000c4a1763784_file.jpg?resize=640%2C480&#038;ssl=1\" alt=\"\" class=\"wp-image-2062\" srcset=\"https:\/\/i0.wp.com\/vaast.armentierois.fr\/wp-content\/uploads\/2023\/09\/35311d88-4a06-41f7-b7d4-170c99692b24-713-000000c4a1763784_file-scaled.jpg?resize=1024%2C768&amp;ssl=1 1024w, https:\/\/i0.wp.com\/vaast.armentierois.fr\/wp-content\/uploads\/2023\/09\/35311d88-4a06-41f7-b7d4-170c99692b24-713-000000c4a1763784_file-scaled.jpg?resize=300%2C225&amp;ssl=1 300w, https:\/\/i0.wp.com\/vaast.armentierois.fr\/wp-content\/uploads\/2023\/09\/35311d88-4a06-41f7-b7d4-170c99692b24-713-000000c4a1763784_file-scaled.jpg?resize=768%2C576&amp;ssl=1 768w, https:\/\/i0.wp.com\/vaast.armentierois.fr\/wp-content\/uploads\/2023\/09\/35311d88-4a06-41f7-b7d4-170c99692b24-713-000000c4a1763784_file-scaled.jpg?resize=1536%2C1152&amp;ssl=1 1536w, https:\/\/i0.wp.com\/vaast.armentierois.fr\/wp-content\/uploads\/2023\/09\/35311d88-4a06-41f7-b7d4-170c99692b24-713-000000c4a1763784_file-scaled.jpg?resize=2048%2C1536&amp;ssl=1 2048w, https:\/\/i0.wp.com\/vaast.armentierois.fr\/wp-content\/uploads\/2023\/09\/35311d88-4a06-41f7-b7d4-170c99692b24-713-000000c4a1763784_file-scaled.jpg?w=1280&amp;ssl=1 1280w, https:\/\/i0.wp.com\/vaast.armentierois.fr\/wp-content\/uploads\/2023\/09\/35311d88-4a06-41f7-b7d4-170c99692b24-713-000000c4a1763784_file-scaled.jpg?w=1920&amp;ssl=1 1920w\" sizes=\"auto, (max-width: 640px) 100vw, 640px\" data-recalc-dims=\"1\" \/><figcaption class=\"wp-element-caption\">Le m\u00e9morial honore successivement les victimes religieuses, militaires et civiles<\/figcaption><\/figure>\n\n\n\n<figure class=\"wp-block-image size-large\"><img loading=\"lazy\" decoding=\"async\" width=\"640\" height=\"480\" src=\"https:\/\/i0.wp.com\/vaast.armentierois.fr\/wp-content\/uploads\/2023\/09\/4a314987-870d-4ce2-87a7-43109a5c6e46-713-000000c4d8dac69a_file.jpg?resize=640%2C480&#038;ssl=1\" alt=\"\" class=\"wp-image-2063\" srcset=\"https:\/\/i0.wp.com\/vaast.armentierois.fr\/wp-content\/uploads\/2023\/09\/4a314987-870d-4ce2-87a7-43109a5c6e46-713-000000c4d8dac69a_file-scaled.jpg?resize=1024%2C768&amp;ssl=1 1024w, https:\/\/i0.wp.com\/vaast.armentierois.fr\/wp-content\/uploads\/2023\/09\/4a314987-870d-4ce2-87a7-43109a5c6e46-713-000000c4d8dac69a_file-scaled.jpg?resize=300%2C225&amp;ssl=1 300w, https:\/\/i0.wp.com\/vaast.armentierois.fr\/wp-content\/uploads\/2023\/09\/4a314987-870d-4ce2-87a7-43109a5c6e46-713-000000c4d8dac69a_file-scaled.jpg?resize=768%2C576&amp;ssl=1 768w, https:\/\/i0.wp.com\/vaast.armentierois.fr\/wp-content\/uploads\/2023\/09\/4a314987-870d-4ce2-87a7-43109a5c6e46-713-000000c4d8dac69a_file-scaled.jpg?resize=1536%2C1152&amp;ssl=1 1536w, https:\/\/i0.wp.com\/vaast.armentierois.fr\/wp-content\/uploads\/2023\/09\/4a314987-870d-4ce2-87a7-43109a5c6e46-713-000000c4d8dac69a_file-scaled.jpg?resize=2048%2C1536&amp;ssl=1 2048w, https:\/\/i0.wp.com\/vaast.armentierois.fr\/wp-content\/uploads\/2023\/09\/4a314987-870d-4ce2-87a7-43109a5c6e46-713-000000c4d8dac69a_file-scaled.jpg?w=1280&amp;ssl=1 1280w, https:\/\/i0.wp.com\/vaast.armentierois.fr\/wp-content\/uploads\/2023\/09\/4a314987-870d-4ce2-87a7-43109a5c6e46-713-000000c4d8dac69a_file-scaled.jpg?w=1920&amp;ssl=1 1920w\" sizes=\"auto, (max-width: 640px) 100vw, 640px\" data-recalc-dims=\"1\" \/><figcaption class=\"wp-element-caption\">Des noms oubli\u00e9s ont \u00e9t\u00e9 ajout\u00e9s<\/figcaption><\/figure>\n\n\n\n<figure class=\"wp-block-image size-large\"><img loading=\"lazy\" decoding=\"async\" width=\"640\" height=\"853\" src=\"https:\/\/i0.wp.com\/vaast.armentierois.fr\/wp-content\/uploads\/2023\/09\/414bb8f5-4fc8-4520-8d61-c8a0bdf3eda9-713-000000c553c29744_file.jpg?resize=640%2C853&#038;ssl=1\" alt=\"\" class=\"wp-image-2064\" srcset=\"https:\/\/i0.wp.com\/vaast.armentierois.fr\/wp-content\/uploads\/2023\/09\/414bb8f5-4fc8-4520-8d61-c8a0bdf3eda9-713-000000c553c29744_file-scaled.jpg?resize=768%2C1024&amp;ssl=1 768w, https:\/\/i0.wp.com\/vaast.armentierois.fr\/wp-content\/uploads\/2023\/09\/414bb8f5-4fc8-4520-8d61-c8a0bdf3eda9-713-000000c553c29744_file-scaled.jpg?resize=225%2C300&amp;ssl=1 225w, https:\/\/i0.wp.com\/vaast.armentierois.fr\/wp-content\/uploads\/2023\/09\/414bb8f5-4fc8-4520-8d61-c8a0bdf3eda9-713-000000c553c29744_file-scaled.jpg?resize=1152%2C1536&amp;ssl=1 1152w, https:\/\/i0.wp.com\/vaast.armentierois.fr\/wp-content\/uploads\/2023\/09\/414bb8f5-4fc8-4520-8d61-c8a0bdf3eda9-713-000000c553c29744_file-scaled.jpg?resize=1536%2C2048&amp;ssl=1 1536w, https:\/\/i0.wp.com\/vaast.armentierois.fr\/wp-content\/uploads\/2023\/09\/414bb8f5-4fc8-4520-8d61-c8a0bdf3eda9-713-000000c553c29744_file-scaled.jpg?w=1920&amp;ssl=1 1920w, https:\/\/i0.wp.com\/vaast.armentierois.fr\/wp-content\/uploads\/2023\/09\/414bb8f5-4fc8-4520-8d61-c8a0bdf3eda9-713-000000c553c29744_file-scaled.jpg?w=1280&amp;ssl=1 1280w\" sizes=\"auto, (max-width: 640px) 100vw, 640px\" data-recalc-dims=\"1\" \/><\/figure>\n\n\n\n<figure class=\"wp-block-image size-large\"><img loading=\"lazy\" decoding=\"async\" width=\"640\" height=\"480\" src=\"https:\/\/i0.wp.com\/vaast.armentierois.fr\/wp-content\/uploads\/2023\/09\/2e657c9f-77ed-4ecb-b28d-0251e6d58f8b-713-000000c5b5ab1e3c_file.jpg?resize=640%2C480&#038;ssl=1\" alt=\"\" class=\"wp-image-2065\" srcset=\"https:\/\/i0.wp.com\/vaast.armentierois.fr\/wp-content\/uploads\/2023\/09\/2e657c9f-77ed-4ecb-b28d-0251e6d58f8b-713-000000c5b5ab1e3c_file-scaled.jpg?resize=1024%2C768&amp;ssl=1 1024w, https:\/\/i0.wp.com\/vaast.armentierois.fr\/wp-content\/uploads\/2023\/09\/2e657c9f-77ed-4ecb-b28d-0251e6d58f8b-713-000000c5b5ab1e3c_file-scaled.jpg?resize=300%2C225&amp;ssl=1 300w, https:\/\/i0.wp.com\/vaast.armentierois.fr\/wp-content\/uploads\/2023\/09\/2e657c9f-77ed-4ecb-b28d-0251e6d58f8b-713-000000c5b5ab1e3c_file-scaled.jpg?resize=768%2C576&amp;ssl=1 768w, https:\/\/i0.wp.com\/vaast.armentierois.fr\/wp-content\/uploads\/2023\/09\/2e657c9f-77ed-4ecb-b28d-0251e6d58f8b-713-000000c5b5ab1e3c_file-scaled.jpg?resize=1536%2C1152&amp;ssl=1 1536w, https:\/\/i0.wp.com\/vaast.armentierois.fr\/wp-content\/uploads\/2023\/09\/2e657c9f-77ed-4ecb-b28d-0251e6d58f8b-713-000000c5b5ab1e3c_file-scaled.jpg?resize=2048%2C1536&amp;ssl=1 2048w, https:\/\/i0.wp.com\/vaast.armentierois.fr\/wp-content\/uploads\/2023\/09\/2e657c9f-77ed-4ecb-b28d-0251e6d58f8b-713-000000c5b5ab1e3c_file-scaled.jpg?w=1280&amp;ssl=1 1280w, https:\/\/i0.wp.com\/vaast.armentierois.fr\/wp-content\/uploads\/2023\/09\/2e657c9f-77ed-4ecb-b28d-0251e6d58f8b-713-000000c5b5ab1e3c_file-scaled.jpg?w=1920&amp;ssl=1 1920w\" sizes=\"auto, (max-width: 640px) 100vw, 640px\" data-recalc-dims=\"1\" \/><figcaption class=\"wp-element-caption\">D\u00e9dicace \u00e0 M. Le Doyen Camelot et aux enfants de la paroisses morts pour la France en 1914-1918 !<\/figcaption><\/figure>\n","protected":false},"excerpt":{"rendered":"<p>A l&#8217;entr\u00e9e droite de l&#8217;\u00e9glise Saint Vaast, on retrouve une chapelle de l&#8217;esp\u00e9rance d\u00e9di\u00e9e \u00e0 l&#8217;invocation du souvenir des victimes &hellip; <\/p>\n","protected":false},"author":1,"featured_media":2060,"comment_status":"open","ping_status":"open","sticky":false,"template":"","format":"standard","meta":{"footnotes":""},"categories":[5,2],"tags":[],"class_list":["post-171","post","type-post","status-publish","format-standard","has-post-thumbnail","hentry","category-memoire","category-sens"],"jetpack_featured_media_url":"https:\/\/i0.wp.com\/vaast.armentierois.fr\/wp-content\/uploads\/2023\/09\/8029191f-2d6e-49fb-bd66-669efb0bd788-713-000000c4493a246b_file-scaled.jpg?fit=1920%2C2560&ssl=1","_links":{"self":[{"href":"https:\/\/vaast.armentierois.fr\/index.php?rest_route=\/wp\/v2\/posts\/171","targetHints":{"allow":["GET"]}}],"collection":[{"href":"https:\/\/vaast.armentierois.fr\/index.php?rest_route=\/wp\/v2\/posts"}],"about":[{"href":"https:\/\/vaast.armentierois.fr\/index.php?rest_route=\/wp\/v2\/types\/post"}],"author":[{"embeddable":true,"href":"https:\/\/vaast.armentierois.fr\/index.php?rest_route=\/wp\/v2\/users\/1"}],"replies":[{"embeddable":true,"href":"https:\/\/vaast.armentierois.fr\/index.php?rest_route=%2Fwp%2Fv2%2Fcomments&post=171"}],"version-history":[{"count":4,"href":"https:\/\/vaast.armentierois.fr\/index.php?rest_route=\/wp\/v2\/posts\/171\/revisions"}],"predecessor-version":[{"id":2164,"href":"https:\/\/vaast.armentierois.fr\/index.php?rest_route=\/wp\/v2\/posts\/171\/revisions\/2164"}],"wp:featuredmedia":[{"embeddable":true,"href":"https:\/\/vaast.armentierois.fr\/index.php?rest_route=\/wp\/v2\/media\/2060"}],"wp:attachment":[{"href":"https:\/\/vaast.armentierois.fr\/index.php?rest_route=%2Fwp%2Fv2%2Fmedia&parent=171"}],"wp:term":[{"taxonomy":"category","embeddable":true,"href":"https:\/\/vaast.armentierois.fr\/index.php?rest_route=%2Fwp%2Fv2%2Fcategories&post=171"},{"taxonomy":"post_tag","embeddable":true,"href":"https:\/\/vaast.armentierois.fr\/index.php?rest_route=%2Fwp%2Fv2%2Ftags&post=171"}],"curies":[{"name":"wp","href":"https:\/\/api.w.org\/{rel}","templated":true}]}}