{"id":2069,"date":"2023-09-14T10:23:26","date_gmt":"2023-09-14T08:23:26","guid":{"rendered":"https:\/\/vaast.armentierois.fr\/?p=2069"},"modified":"2023-09-14T21:10:18","modified_gmt":"2023-09-14T19:10:18","slug":"christ-aux-outrages","status":"publish","type":"post","link":"https:\/\/vaast.armentierois.fr\/?p=2069","title":{"rendered":"Christ aux outrages"},"content":{"rendered":"\n<figure class=\"wp-block-image size-large\"><img loading=\"lazy\" decoding=\"async\" width=\"640\" height=\"853\" src=\"https:\/\/i0.wp.com\/vaast.armentierois.fr\/wp-content\/uploads\/2023\/09\/f5bb3c19-6a79-4742-aec8-8375fd279a42-713-000000c651fb2f33_file.jpg?resize=640%2C853&#038;ssl=1\" alt=\"\" class=\"wp-image-2068\" srcset=\"https:\/\/i0.wp.com\/vaast.armentierois.fr\/wp-content\/uploads\/2023\/09\/f5bb3c19-6a79-4742-aec8-8375fd279a42-713-000000c651fb2f33_file-scaled.jpg?resize=768%2C1024&amp;ssl=1 768w, https:\/\/i0.wp.com\/vaast.armentierois.fr\/wp-content\/uploads\/2023\/09\/f5bb3c19-6a79-4742-aec8-8375fd279a42-713-000000c651fb2f33_file-scaled.jpg?resize=225%2C300&amp;ssl=1 225w, https:\/\/i0.wp.com\/vaast.armentierois.fr\/wp-content\/uploads\/2023\/09\/f5bb3c19-6a79-4742-aec8-8375fd279a42-713-000000c651fb2f33_file-scaled.jpg?resize=1152%2C1536&amp;ssl=1 1152w, https:\/\/i0.wp.com\/vaast.armentierois.fr\/wp-content\/uploads\/2023\/09\/f5bb3c19-6a79-4742-aec8-8375fd279a42-713-000000c651fb2f33_file-scaled.jpg?resize=1536%2C2048&amp;ssl=1 1536w, https:\/\/i0.wp.com\/vaast.armentierois.fr\/wp-content\/uploads\/2023\/09\/f5bb3c19-6a79-4742-aec8-8375fd279a42-713-000000c651fb2f33_file-scaled.jpg?w=1920&amp;ssl=1 1920w, https:\/\/i0.wp.com\/vaast.armentierois.fr\/wp-content\/uploads\/2023\/09\/f5bb3c19-6a79-4742-aec8-8375fd279a42-713-000000c651fb2f33_file-scaled.jpg?w=1280&amp;ssl=1 1280w\" sizes=\"auto, (max-width: 640px) 100vw, 640px\" data-recalc-dims=\"1\" \/><figcaption class=\"wp-element-caption\">Ton fr\u00e8re ressuscitera (Jn 11,23)<\/figcaption><\/figure>\n\n\n\n<p>Cette repr\u00e9sentation a \u00e9t\u00e9 sculpt\u00e9e par Masselot. Assis sur un tertre, couvert d&#8217;un drap et couronn\u00e9 d&#8217;\u00e9pines, il a les mains li\u00e9es et tient un roseau massue comme sceptre de d\u00e9rision. Jetant un regard triste sur le passant, il attend le supplice. Sur le socle, figure cette parole d&#8217;esp\u00e9rance tir\u00e9e de l&#8217;Evangile de Jean &#8220;Ton fr\u00e8re (Lazare) ressuscitera&#8221;. La statue plac\u00e9e, devant les plaques comm\u00e9moratives, \u00e9voque le martyr de toutes les victimes de la paroisse et de leur pasteur, le doyen Camelot, tu\u00e9 lors des bombardements le 30 juillet 1917.<\/p>\n","protected":false},"excerpt":{"rendered":"<p>Cette repr\u00e9sentation a \u00e9t\u00e9 sculpt\u00e9e par Masselot. Assis sur un tertre, couvert d&#8217;un drap et couronn\u00e9 d&#8217;\u00e9pines, il a les &hellip; <\/p>\n","protected":false},"author":1,"featured_media":2068,"comment_status":"open","ping_status":"open","sticky":false,"template":"","format":"standard","meta":{"footnotes":""},"categories":[3,5,2],"tags":[],"class_list":["post-2069","post","type-post","status-publish","format-standard","has-post-thumbnail","hentry","category-devotion","category-memoire","category-sens"],"jetpack_featured_media_url":"https:\/\/i0.wp.com\/vaast.armentierois.fr\/wp-content\/uploads\/2023\/09\/f5bb3c19-6a79-4742-aec8-8375fd279a42-713-000000c651fb2f33_file-scaled.jpg?fit=1920%2C2560&ssl=1","_links":{"self":[{"href":"https:\/\/vaast.armentierois.fr\/index.php?rest_route=\/wp\/v2\/posts\/2069","targetHints":{"allow":["GET"]}}],"collection":[{"href":"https:\/\/vaast.armentierois.fr\/index.php?rest_route=\/wp\/v2\/posts"}],"about":[{"href":"https:\/\/vaast.armentierois.fr\/index.php?rest_route=\/wp\/v2\/types\/post"}],"author":[{"embeddable":true,"href":"https:\/\/vaast.armentierois.fr\/index.php?rest_route=\/wp\/v2\/users\/1"}],"replies":[{"embeddable":true,"href":"https:\/\/vaast.armentierois.fr\/index.php?rest_route=%2Fwp%2Fv2%2Fcomments&post=2069"}],"version-history":[{"count":2,"href":"https:\/\/vaast.armentierois.fr\/index.php?rest_route=\/wp\/v2\/posts\/2069\/revisions"}],"predecessor-version":[{"id":2152,"href":"https:\/\/vaast.armentierois.fr\/index.php?rest_route=\/wp\/v2\/posts\/2069\/revisions\/2152"}],"wp:featuredmedia":[{"embeddable":true,"href":"https:\/\/vaast.armentierois.fr\/index.php?rest_route=\/wp\/v2\/media\/2068"}],"wp:attachment":[{"href":"https:\/\/vaast.armentierois.fr\/index.php?rest_route=%2Fwp%2Fv2%2Fmedia&parent=2069"}],"wp:term":[{"taxonomy":"category","embeddable":true,"href":"https:\/\/vaast.armentierois.fr\/index.php?rest_route=%2Fwp%2Fv2%2Fcategories&post=2069"},{"taxonomy":"post_tag","embeddable":true,"href":"https:\/\/vaast.armentierois.fr\/index.php?rest_route=%2Fwp%2Fv2%2Ftags&post=2069"}],"curies":[{"name":"wp","href":"https:\/\/api.w.org\/{rel}","templated":true}]}}