{"id":2103,"date":"2023-09-14T10:54:00","date_gmt":"2023-09-14T08:54:00","guid":{"rendered":"https:\/\/vaast.armentierois.fr\/?p=2103"},"modified":"2023-09-14T21:09:51","modified_gmt":"2023-09-14T19:09:51","slug":"la-chaire","status":"publish","type":"post","link":"https:\/\/vaast.armentierois.fr\/?p=2103","title":{"rendered":"La chaire"},"content":{"rendered":"\n<p>La chaire, au milieu de la nef, servait pour la pr\u00e9dication (hom\u00e9lie ou sermon du pr\u00eatre apr\u00e8s la lecture de l\u2019\u00e9vangile). Aujourd&#8217;hui, elle n\u2019est plus utilis\u00e9e, sur\u00e9lev\u00e9e et plac\u00e9e au milieu de l&#8217;\u00e9glise, elle permettait au pr\u00eatre de parler sans micro .<\/p>\n\n\n\n<p>On retrouve les symboles de quatre \u00e9vang\u00e9listes en haut des piliers.<\/p>\n\n\n\n<figure class=\"wp-block-image size-large\"><img loading=\"lazy\" decoding=\"async\" width=\"640\" height=\"480\" src=\"https:\/\/i0.wp.com\/vaast.armentierois.fr\/wp-content\/uploads\/2023\/09\/8a6a94a1-69c5-4a27-be57-229fd42ff2ae-713-000000cfe822bf85_file.jpg?resize=640%2C480&#038;ssl=1\" alt=\"\" class=\"wp-image-2099\" srcset=\"https:\/\/i0.wp.com\/vaast.armentierois.fr\/wp-content\/uploads\/2023\/09\/8a6a94a1-69c5-4a27-be57-229fd42ff2ae-713-000000cfe822bf85_file-scaled.jpg?resize=1024%2C768&amp;ssl=1 1024w, https:\/\/i0.wp.com\/vaast.armentierois.fr\/wp-content\/uploads\/2023\/09\/8a6a94a1-69c5-4a27-be57-229fd42ff2ae-713-000000cfe822bf85_file-scaled.jpg?resize=300%2C225&amp;ssl=1 300w, https:\/\/i0.wp.com\/vaast.armentierois.fr\/wp-content\/uploads\/2023\/09\/8a6a94a1-69c5-4a27-be57-229fd42ff2ae-713-000000cfe822bf85_file-scaled.jpg?resize=768%2C576&amp;ssl=1 768w, https:\/\/i0.wp.com\/vaast.armentierois.fr\/wp-content\/uploads\/2023\/09\/8a6a94a1-69c5-4a27-be57-229fd42ff2ae-713-000000cfe822bf85_file-scaled.jpg?resize=1536%2C1152&amp;ssl=1 1536w, https:\/\/i0.wp.com\/vaast.armentierois.fr\/wp-content\/uploads\/2023\/09\/8a6a94a1-69c5-4a27-be57-229fd42ff2ae-713-000000cfe822bf85_file-scaled.jpg?resize=2048%2C1536&amp;ssl=1 2048w, https:\/\/i0.wp.com\/vaast.armentierois.fr\/wp-content\/uploads\/2023\/09\/8a6a94a1-69c5-4a27-be57-229fd42ff2ae-713-000000cfe822bf85_file-scaled.jpg?w=1280&amp;ssl=1 1280w, https:\/\/i0.wp.com\/vaast.armentierois.fr\/wp-content\/uploads\/2023\/09\/8a6a94a1-69c5-4a27-be57-229fd42ff2ae-713-000000cfe822bf85_file-scaled.jpg?w=1920&amp;ssl=1 1920w\" sizes=\"auto, (max-width: 640px) 100vw, 640px\" data-recalc-dims=\"1\" \/><\/figure>\n\n\n\n<p>Sur le parement de la chaire, on aper\u00e7oit au premier plan le Christ qui b\u00e9nit et pr\u00e9sente la parole Dieu. Cette sc\u00e8ne nous rappelle que le pr\u00e9dicateur nous rend la parole accessible et nous la donne pour notre bien. A la gauche comme \u00e0 la droite du Christ, il y a une s\u00e9rie de personnes, religieux comme la\u00efcs, certains sont saints (on remarque leur aur\u00e9ole), d&#8217;autres non; elles nous disent que l&#8217;Evangile est pour tous.<\/p>\n\n\n\n<figure class=\"wp-block-image size-large\"><img loading=\"lazy\" decoding=\"async\" width=\"640\" height=\"853\" src=\"https:\/\/i0.wp.com\/vaast.armentierois.fr\/wp-content\/uploads\/2023\/09\/4cc96305-c6e6-49cb-acb6-8af4f842e2bf-713-000000d02979ff36_file.jpg?resize=640%2C853&#038;ssl=1\" alt=\"\" class=\"wp-image-2100\" srcset=\"https:\/\/i0.wp.com\/vaast.armentierois.fr\/wp-content\/uploads\/2023\/09\/4cc96305-c6e6-49cb-acb6-8af4f842e2bf-713-000000d02979ff36_file-scaled.jpg?resize=768%2C1024&amp;ssl=1 768w, https:\/\/i0.wp.com\/vaast.armentierois.fr\/wp-content\/uploads\/2023\/09\/4cc96305-c6e6-49cb-acb6-8af4f842e2bf-713-000000d02979ff36_file-scaled.jpg?resize=225%2C300&amp;ssl=1 225w, https:\/\/i0.wp.com\/vaast.armentierois.fr\/wp-content\/uploads\/2023\/09\/4cc96305-c6e6-49cb-acb6-8af4f842e2bf-713-000000d02979ff36_file-scaled.jpg?resize=1152%2C1536&amp;ssl=1 1152w, https:\/\/i0.wp.com\/vaast.armentierois.fr\/wp-content\/uploads\/2023\/09\/4cc96305-c6e6-49cb-acb6-8af4f842e2bf-713-000000d02979ff36_file-scaled.jpg?resize=1536%2C2048&amp;ssl=1 1536w, https:\/\/i0.wp.com\/vaast.armentierois.fr\/wp-content\/uploads\/2023\/09\/4cc96305-c6e6-49cb-acb6-8af4f842e2bf-713-000000d02979ff36_file-scaled.jpg?w=1920&amp;ssl=1 1920w, https:\/\/i0.wp.com\/vaast.armentierois.fr\/wp-content\/uploads\/2023\/09\/4cc96305-c6e6-49cb-acb6-8af4f842e2bf-713-000000d02979ff36_file-scaled.jpg?w=1280&amp;ssl=1 1280w\" sizes=\"auto, (max-width: 640px) 100vw, 640px\" data-recalc-dims=\"1\" \/><\/figure>\n\n\n\n<p>Un \u0153il attentif remarquera que l&#8217;on retrouve les symboles de quatre \u00e9vang\u00e9listes en haut des 4 colonnes.<\/p>\n\n\n\n<figure class=\"wp-block-image size-large\"><img loading=\"lazy\" decoding=\"async\" width=\"640\" height=\"480\" src=\"https:\/\/i0.wp.com\/vaast.armentierois.fr\/wp-content\/uploads\/2023\/09\/d1381133-69b9-47e6-8045-947913d9c49a-713-000000d07242a0d4_file.jpg?resize=640%2C480&#038;ssl=1\" alt=\"\" class=\"wp-image-2101\" srcset=\"https:\/\/i0.wp.com\/vaast.armentierois.fr\/wp-content\/uploads\/2023\/09\/d1381133-69b9-47e6-8045-947913d9c49a-713-000000d07242a0d4_file-scaled.jpg?resize=1024%2C768&amp;ssl=1 1024w, https:\/\/i0.wp.com\/vaast.armentierois.fr\/wp-content\/uploads\/2023\/09\/d1381133-69b9-47e6-8045-947913d9c49a-713-000000d07242a0d4_file-scaled.jpg?resize=300%2C225&amp;ssl=1 300w, https:\/\/i0.wp.com\/vaast.armentierois.fr\/wp-content\/uploads\/2023\/09\/d1381133-69b9-47e6-8045-947913d9c49a-713-000000d07242a0d4_file-scaled.jpg?resize=768%2C576&amp;ssl=1 768w, https:\/\/i0.wp.com\/vaast.armentierois.fr\/wp-content\/uploads\/2023\/09\/d1381133-69b9-47e6-8045-947913d9c49a-713-000000d07242a0d4_file-scaled.jpg?resize=1536%2C1152&amp;ssl=1 1536w, https:\/\/i0.wp.com\/vaast.armentierois.fr\/wp-content\/uploads\/2023\/09\/d1381133-69b9-47e6-8045-947913d9c49a-713-000000d07242a0d4_file-scaled.jpg?resize=2048%2C1536&amp;ssl=1 2048w, https:\/\/i0.wp.com\/vaast.armentierois.fr\/wp-content\/uploads\/2023\/09\/d1381133-69b9-47e6-8045-947913d9c49a-713-000000d07242a0d4_file-scaled.jpg?w=1280&amp;ssl=1 1280w, https:\/\/i0.wp.com\/vaast.armentierois.fr\/wp-content\/uploads\/2023\/09\/d1381133-69b9-47e6-8045-947913d9c49a-713-000000d07242a0d4_file-scaled.jpg?w=1920&amp;ssl=1 1920w\" sizes=\"auto, (max-width: 640px) 100vw, 640px\" data-recalc-dims=\"1\" \/><\/figure>\n\n\n\n<figure class=\"wp-block-image size-large\"><img loading=\"lazy\" decoding=\"async\" width=\"640\" height=\"480\" src=\"https:\/\/i0.wp.com\/vaast.armentierois.fr\/wp-content\/uploads\/2023\/09\/9ee5c39e-540e-417a-a931-038f7fc66c00-713-000000d0b7532c63_file.jpg?resize=640%2C480&#038;ssl=1\" alt=\"\" class=\"wp-image-2102\" srcset=\"https:\/\/i0.wp.com\/vaast.armentierois.fr\/wp-content\/uploads\/2023\/09\/9ee5c39e-540e-417a-a931-038f7fc66c00-713-000000d0b7532c63_file-scaled.jpg?resize=1024%2C768&amp;ssl=1 1024w, https:\/\/i0.wp.com\/vaast.armentierois.fr\/wp-content\/uploads\/2023\/09\/9ee5c39e-540e-417a-a931-038f7fc66c00-713-000000d0b7532c63_file-scaled.jpg?resize=300%2C225&amp;ssl=1 300w, https:\/\/i0.wp.com\/vaast.armentierois.fr\/wp-content\/uploads\/2023\/09\/9ee5c39e-540e-417a-a931-038f7fc66c00-713-000000d0b7532c63_file-scaled.jpg?resize=768%2C576&amp;ssl=1 768w, https:\/\/i0.wp.com\/vaast.armentierois.fr\/wp-content\/uploads\/2023\/09\/9ee5c39e-540e-417a-a931-038f7fc66c00-713-000000d0b7532c63_file-scaled.jpg?resize=1536%2C1152&amp;ssl=1 1536w, https:\/\/i0.wp.com\/vaast.armentierois.fr\/wp-content\/uploads\/2023\/09\/9ee5c39e-540e-417a-a931-038f7fc66c00-713-000000d0b7532c63_file-scaled.jpg?resize=2048%2C1536&amp;ssl=1 2048w, https:\/\/i0.wp.com\/vaast.armentierois.fr\/wp-content\/uploads\/2023\/09\/9ee5c39e-540e-417a-a931-038f7fc66c00-713-000000d0b7532c63_file-scaled.jpg?w=1280&amp;ssl=1 1280w, https:\/\/i0.wp.com\/vaast.armentierois.fr\/wp-content\/uploads\/2023\/09\/9ee5c39e-540e-417a-a931-038f7fc66c00-713-000000d0b7532c63_file-scaled.jpg?w=1920&amp;ssl=1 1920w\" sizes=\"auto, (max-width: 640px) 100vw, 640px\" data-recalc-dims=\"1\" \/><\/figure>\n\n\n\n<p>Sur les cot\u00e9s de la chaire, on distingue des armoiries.<\/p>\n","protected":false},"excerpt":{"rendered":"<p>La chaire, au milieu de la nef, servait pour la pr\u00e9dication (hom\u00e9lie ou sermon du pr\u00eatre apr\u00e8s la lecture de &hellip; <\/p>\n","protected":false},"author":1,"featured_media":2099,"comment_status":"open","ping_status":"open","sticky":false,"template":"","format":"standard","meta":{"footnotes":""},"categories":[5,1,4],"tags":[],"class_list":["post-2103","post","type-post","status-publish","format-standard","has-post-thumbnail","hentry","category-memoire","category-non-classe","category-sacre"],"jetpack_featured_media_url":"https:\/\/i0.wp.com\/vaast.armentierois.fr\/wp-content\/uploads\/2023\/09\/8a6a94a1-69c5-4a27-be57-229fd42ff2ae-713-000000cfe822bf85_file-scaled.jpg?fit=2560%2C1920&ssl=1","_links":{"self":[{"href":"https:\/\/vaast.armentierois.fr\/index.php?rest_route=\/wp\/v2\/posts\/2103","targetHints":{"allow":["GET"]}}],"collection":[{"href":"https:\/\/vaast.armentierois.fr\/index.php?rest_route=\/wp\/v2\/posts"}],"about":[{"href":"https:\/\/vaast.armentierois.fr\/index.php?rest_route=\/wp\/v2\/types\/post"}],"author":[{"embeddable":true,"href":"https:\/\/vaast.armentierois.fr\/index.php?rest_route=\/wp\/v2\/users\/1"}],"replies":[{"embeddable":true,"href":"https:\/\/vaast.armentierois.fr\/index.php?rest_route=%2Fwp%2Fv2%2Fcomments&post=2103"}],"version-history":[{"count":3,"href":"https:\/\/vaast.armentierois.fr\/index.php?rest_route=\/wp\/v2\/posts\/2103\/revisions"}],"predecessor-version":[{"id":2172,"href":"https:\/\/vaast.armentierois.fr\/index.php?rest_route=\/wp\/v2\/posts\/2103\/revisions\/2172"}],"wp:featuredmedia":[{"embeddable":true,"href":"https:\/\/vaast.armentierois.fr\/index.php?rest_route=\/wp\/v2\/media\/2099"}],"wp:attachment":[{"href":"https:\/\/vaast.armentierois.fr\/index.php?rest_route=%2Fwp%2Fv2%2Fmedia&parent=2103"}],"wp:term":[{"taxonomy":"category","embeddable":true,"href":"https:\/\/vaast.armentierois.fr\/index.php?rest_route=%2Fwp%2Fv2%2Fcategories&post=2103"},{"taxonomy":"post_tag","embeddable":true,"href":"https:\/\/vaast.armentierois.fr\/index.php?rest_route=%2Fwp%2Fv2%2Ftags&post=2103"}],"curies":[{"name":"wp","href":"https:\/\/api.w.org\/{rel}","templated":true}]}}