{"id":2107,"date":"2023-09-14T10:56:24","date_gmt":"2023-09-14T08:56:24","guid":{"rendered":"https:\/\/vaast.armentierois.fr\/?p=2107"},"modified":"2023-09-16T11:37:54","modified_gmt":"2023-09-16T09:37:54","slug":"chapelle-baptismale","status":"publish","type":"post","link":"https:\/\/vaast.armentierois.fr\/?p=2107","title":{"rendered":"Chapelle baptismale"},"content":{"rendered":"\n<p>A l&#8217;entr\u00e9e gauche de l&#8217;\u00e9glise, on retrouve l&#8217;ancienne chapelle baptismale compos\u00e9e de trois vitraux.<\/p>\n\n\n\n<p>Le premier \u00e0 gauche porte l&#8217;inscription : &#8220;rena\u00eetre de l&#8217;eau et de l&#8217;Esprit Saint&#8221;, on y voit en haut une repr\u00e9sentation de l&#8217;Esprit Saint sous forme de colombe et de l&#8217;eau qui semble descendre du ciel avant de remonter, comme le jaillissement d&#8217;une vie nouvelle.<\/p>\n\n\n\n<p>Le vitrail central porte l&#8217;inscription &#8220;Celui-ci est mon Fils &#8221; parole qui a retentie le jour du bapt\u00eame du Seigneur par Jean le Baptiste, on voit donc J\u00e9sus baptis\u00e9 par Jean et sortant des eaux du Jourdain apr\u00e8s les avoir sanctifi\u00e9es.<\/p>\n\n\n\n<p>Le vitrail de droite annonce la mission que J\u00e9sus confie \u00e0 ses ap\u00f4tres, celle de rendre t\u00e9moignage \u00e0 sa R\u00e9surrection : &#8220;Vous serez mes t\u00e9moins&#8221; et pour cela, ils recevront l&#8217;Esprit Saint repr\u00e9sent\u00e9 ici par une langue de feu.<\/p>\n\n\n\n<figure class=\"wp-block-image size-large\"><img loading=\"lazy\" decoding=\"async\" width=\"640\" height=\"480\" src=\"https:\/\/i0.wp.com\/vaast.armentierois.fr\/wp-content\/uploads\/2023\/09\/ad49d9ca-57fb-4ff2-870a-0b38e66d0821-713-000000d16c3c03a9_file.jpg?resize=640%2C480&#038;ssl=1\" alt=\"\" class=\"wp-image-2106\" srcset=\"https:\/\/i0.wp.com\/vaast.armentierois.fr\/wp-content\/uploads\/2023\/09\/ad49d9ca-57fb-4ff2-870a-0b38e66d0821-713-000000d16c3c03a9_file-scaled.jpg?resize=1024%2C768&amp;ssl=1 1024w, https:\/\/i0.wp.com\/vaast.armentierois.fr\/wp-content\/uploads\/2023\/09\/ad49d9ca-57fb-4ff2-870a-0b38e66d0821-713-000000d16c3c03a9_file-scaled.jpg?resize=300%2C225&amp;ssl=1 300w, https:\/\/i0.wp.com\/vaast.armentierois.fr\/wp-content\/uploads\/2023\/09\/ad49d9ca-57fb-4ff2-870a-0b38e66d0821-713-000000d16c3c03a9_file-scaled.jpg?resize=768%2C576&amp;ssl=1 768w, https:\/\/i0.wp.com\/vaast.armentierois.fr\/wp-content\/uploads\/2023\/09\/ad49d9ca-57fb-4ff2-870a-0b38e66d0821-713-000000d16c3c03a9_file-scaled.jpg?resize=1536%2C1152&amp;ssl=1 1536w, https:\/\/i0.wp.com\/vaast.armentierois.fr\/wp-content\/uploads\/2023\/09\/ad49d9ca-57fb-4ff2-870a-0b38e66d0821-713-000000d16c3c03a9_file-scaled.jpg?resize=2048%2C1536&amp;ssl=1 2048w, https:\/\/i0.wp.com\/vaast.armentierois.fr\/wp-content\/uploads\/2023\/09\/ad49d9ca-57fb-4ff2-870a-0b38e66d0821-713-000000d16c3c03a9_file-scaled.jpg?w=1280&amp;ssl=1 1280w, https:\/\/i0.wp.com\/vaast.armentierois.fr\/wp-content\/uploads\/2023\/09\/ad49d9ca-57fb-4ff2-870a-0b38e66d0821-713-000000d16c3c03a9_file-scaled.jpg?w=1920&amp;ssl=1 1920w\" sizes=\"auto, (max-width: 640px) 100vw, 640px\" data-recalc-dims=\"1\" \/><\/figure>\n","protected":false},"excerpt":{"rendered":"<p>A l&#8217;entr\u00e9e gauche de l&#8217;\u00e9glise, on retrouve l&#8217;ancienne chapelle baptismale compos\u00e9e de trois vitraux. Le premier \u00e0 gauche porte l&#8217;inscription &hellip; <\/p>\n","protected":false},"author":1,"featured_media":2106,"comment_status":"open","ping_status":"open","sticky":false,"template":"","format":"standard","meta":{"footnotes":""},"categories":[6,5,1,4],"tags":[],"class_list":["post-2107","post","type-post","status-publish","format-standard","has-post-thumbnail","hentry","category-info","category-memoire","category-non-classe","category-sacre"],"jetpack_featured_media_url":"https:\/\/i0.wp.com\/vaast.armentierois.fr\/wp-content\/uploads\/2023\/09\/ad49d9ca-57fb-4ff2-870a-0b38e66d0821-713-000000d16c3c03a9_file-scaled.jpg?fit=2560%2C1920&ssl=1","_links":{"self":[{"href":"https:\/\/vaast.armentierois.fr\/index.php?rest_route=\/wp\/v2\/posts\/2107","targetHints":{"allow":["GET"]}}],"collection":[{"href":"https:\/\/vaast.armentierois.fr\/index.php?rest_route=\/wp\/v2\/posts"}],"about":[{"href":"https:\/\/vaast.armentierois.fr\/index.php?rest_route=\/wp\/v2\/types\/post"}],"author":[{"embeddable":true,"href":"https:\/\/vaast.armentierois.fr\/index.php?rest_route=\/wp\/v2\/users\/1"}],"replies":[{"embeddable":true,"href":"https:\/\/vaast.armentierois.fr\/index.php?rest_route=%2Fwp%2Fv2%2Fcomments&post=2107"}],"version-history":[{"count":1,"href":"https:\/\/vaast.armentierois.fr\/index.php?rest_route=\/wp\/v2\/posts\/2107\/revisions"}],"predecessor-version":[{"id":2150,"href":"https:\/\/vaast.armentierois.fr\/index.php?rest_route=\/wp\/v2\/posts\/2107\/revisions\/2150"}],"wp:featuredmedia":[{"embeddable":true,"href":"https:\/\/vaast.armentierois.fr\/index.php?rest_route=\/wp\/v2\/media\/2106"}],"wp:attachment":[{"href":"https:\/\/vaast.armentierois.fr\/index.php?rest_route=%2Fwp%2Fv2%2Fmedia&parent=2107"}],"wp:term":[{"taxonomy":"category","embeddable":true,"href":"https:\/\/vaast.armentierois.fr\/index.php?rest_route=%2Fwp%2Fv2%2Fcategories&post=2107"},{"taxonomy":"post_tag","embeddable":true,"href":"https:\/\/vaast.armentierois.fr\/index.php?rest_route=%2Fwp%2Fv2%2Ftags&post=2107"}],"curies":[{"name":"wp","href":"https:\/\/api.w.org\/{rel}","templated":true}]}}