{"id":212,"date":"2023-07-16T19:25:24","date_gmt":"2023-07-16T17:25:24","guid":{"rendered":"https:\/\/www.nds.armentierois.fr\/?p=212"},"modified":"2023-09-14T09:42:31","modified_gmt":"2023-09-14T07:42:31","slug":"le-cierge-pascal","status":"publish","type":"post","link":"https:\/\/vaast.armentierois.fr\/?p=212","title":{"rendered":"Le cierge Pascal"},"content":{"rendered":"\n<p>C&#8217;est un grand cierge orn\u00e9 d&#8217;une croix entour\u00e9e des lettres grecques alpha et om\u00e9ga ainsi que de l&#8217;ann\u00e9e en cours. Le cierge Pascal signifie la pr\u00e9sence vivante du Christ dans l\u2019\u00c9glise. Il a \u00e9t\u00e9 allum\u00e9 solennellement et b\u00e9ni durant la nuit de&nbsp;P\u00e2ques. Ces lettres grecques et la date de l&#8217;ann\u00e9e nous disent que le Christ est au commencement de l&#8217;histoire (l&#8217;alpha), il sera \u00e0 la fin de l&#8217;histoire (l&#8217;om\u00e9ga) et est vivant et pr\u00e9sent aujourd&#8217;hui (date de l&#8217;ann\u00e9e en cours). Le cierge Pascal repr\u00e9sente la pr\u00e9sence du Christ ressuscit\u00e9 dans l\u2019Eglise et il est un signe d\u2019esp\u00e9rance et Foi. La croix nous rappelle qu&#8217;il donne sa vie par amour pour nous encore aujourd&#8217;hui. En g\u00e9n\u00e9ral, il est plac\u00e9 dans le ch\u0153ur de l&#8217;Eglise de P\u00e2ques \u00e0 la f\u00eate de la Pentec\u00f4te, il rejoint ensuite le baptist\u00e8re pour le reste de l&#8217;ann\u00e9e, on le rallume pour les bapt\u00eames et pour les fun\u00e9railles c\u00e9l\u00e9br\u00e9s dans l\u2019ann\u00e9e.<\/p>\n\n\n\n<figure class=\"wp-block-image size-large\"><img loading=\"lazy\" decoding=\"async\" width=\"640\" height=\"853\" src=\"https:\/\/i0.wp.com\/vaast.armentierois.fr\/wp-content\/uploads\/2023\/09\/e82d265e-603a-48e5-a8a1-3a8fc1cae1d4-713-000000ba4560390a_file.jpg?resize=640%2C853&#038;ssl=1\" alt=\"\" class=\"wp-image-2030\" srcset=\"https:\/\/i0.wp.com\/vaast.armentierois.fr\/wp-content\/uploads\/2023\/09\/e82d265e-603a-48e5-a8a1-3a8fc1cae1d4-713-000000ba4560390a_file-scaled.jpg?resize=768%2C1024&amp;ssl=1 768w, https:\/\/i0.wp.com\/vaast.armentierois.fr\/wp-content\/uploads\/2023\/09\/e82d265e-603a-48e5-a8a1-3a8fc1cae1d4-713-000000ba4560390a_file-scaled.jpg?resize=225%2C300&amp;ssl=1 225w, https:\/\/i0.wp.com\/vaast.armentierois.fr\/wp-content\/uploads\/2023\/09\/e82d265e-603a-48e5-a8a1-3a8fc1cae1d4-713-000000ba4560390a_file-scaled.jpg?resize=1152%2C1536&amp;ssl=1 1152w, https:\/\/i0.wp.com\/vaast.armentierois.fr\/wp-content\/uploads\/2023\/09\/e82d265e-603a-48e5-a8a1-3a8fc1cae1d4-713-000000ba4560390a_file-scaled.jpg?resize=1536%2C2048&amp;ssl=1 1536w, https:\/\/i0.wp.com\/vaast.armentierois.fr\/wp-content\/uploads\/2023\/09\/e82d265e-603a-48e5-a8a1-3a8fc1cae1d4-713-000000ba4560390a_file-scaled.jpg?w=1920&amp;ssl=1 1920w, https:\/\/i0.wp.com\/vaast.armentierois.fr\/wp-content\/uploads\/2023\/09\/e82d265e-603a-48e5-a8a1-3a8fc1cae1d4-713-000000ba4560390a_file-scaled.jpg?w=1280&amp;ssl=1 1280w\" sizes=\"auto, (max-width: 640px) 100vw, 640px\" data-recalc-dims=\"1\" \/><figcaption class=\"wp-element-caption\">Le cierge Pascal<\/figcaption><\/figure>\n\n\n\n<p><strong>Le cierge Pascal est parfois orn\u00e9 de cinq grains d\u2019encens&nbsp;<\/strong>qui symbolisent les&nbsp;cinq plaies glorieuses du Christ en sa Passion&nbsp;(aux mains, aux pieds et au c\u00f4t\u00e9.).&nbsp;Pendant le rite, le c\u00e9l\u00e9brant dit : \u00ab&nbsp;<em>Par ses saintes plaies, ses plaies glorieuses, que le Christ Seigneur nous garde et nous prot\u00e8ge, Amen.<\/em>&nbsp;\u00bb<\/p>\n\n\n\n<p><strong>La flamme du Cierge Pascal&nbsp;<\/strong>enfin,&nbsp;\u00e9voque la \u00ab&nbsp;<em>colonne de feu<\/em>&nbsp;\u00bb ouvrant la voie au peuple d\u2019Isra\u00ebl fuyant les \u00c9gyptiens :&nbsp;&nbsp;<em>\u00ab&nbsp;Le Seigneur lui-m\u00eame marchait \u00e0 leur t\u00eate&nbsp;: le jour dans une colonne de nu\u00e9e pour leur ouvrir la route, la nuit dans une colonne de feu pour les \u00e9clairer&nbsp;; ainsi pouvaient-ils marcher jour et nuit&nbsp;\u00bb (Ex 13,21)<\/em><\/p>\n\n\n\n<p>La phrase que dit le pr\u00eatre au moment d\u2019allumer le cierge pascal r\u00e9sume ce symbole&nbsp;: \u00ab&nbsp;Que la lumi\u00e8re du Christ, ressuscitant dans la gloire, dissipe les t\u00e9n\u00e8bres de notre c\u0153ur et de notre esprit. \u00bb<\/p>\n\n\n\n<p>On peut prier avec ces mots face au cierge Pascal<\/p>\n\n\n\n<p class=\"has-luminous-vivid-orange-color has-text-color\"><em>\u00ab&nbsp;Seigneur Dieu, par ton Fils tu as apport\u00e9 \u00e0 tes fid\u00e8les le feu de ta splendeur. (\u2026)<\/em><\/p>\n\n\n\n<p class=\"has-luminous-vivid-orange-color has-text-color\"><em>Accorde-nous d\u2019\u00eatre enflamm\u00e9s d\u2019un si grand d\u00e9sir du ciel que nous puissions parvenir, avec un c\u0153ur pur, aux f\u00eates de l\u2019\u00e9ternelle lumi\u00e8re.&nbsp;\u00bb<\/em><\/p>\n","protected":false},"excerpt":{"rendered":"<p>C&#8217;est un grand cierge orn\u00e9 d&#8217;une croix entour\u00e9e des lettres grecques alpha et om\u00e9ga ainsi que de l&#8217;ann\u00e9e en cours. &hellip; <\/p>\n","protected":false},"author":1,"featured_media":2030,"comment_status":"open","ping_status":"open","sticky":false,"template":"","format":"standard","meta":{"footnotes":""},"categories":[4],"tags":[],"class_list":["post-212","post","type-post","status-publish","format-standard","has-post-thumbnail","hentry","category-sacre"],"jetpack_featured_media_url":"https:\/\/i0.wp.com\/vaast.armentierois.fr\/wp-content\/uploads\/2023\/09\/e82d265e-603a-48e5-a8a1-3a8fc1cae1d4-713-000000ba4560390a_file-scaled.jpg?fit=1920%2C2560&ssl=1","_links":{"self":[{"href":"https:\/\/vaast.armentierois.fr\/index.php?rest_route=\/wp\/v2\/posts\/212","targetHints":{"allow":["GET"]}}],"collection":[{"href":"https:\/\/vaast.armentierois.fr\/index.php?rest_route=\/wp\/v2\/posts"}],"about":[{"href":"https:\/\/vaast.armentierois.fr\/index.php?rest_route=\/wp\/v2\/types\/post"}],"author":[{"embeddable":true,"href":"https:\/\/vaast.armentierois.fr\/index.php?rest_route=\/wp\/v2\/users\/1"}],"replies":[{"embeddable":true,"href":"https:\/\/vaast.armentierois.fr\/index.php?rest_route=%2Fwp%2Fv2%2Fcomments&post=212"}],"version-history":[{"count":2,"href":"https:\/\/vaast.armentierois.fr\/index.php?rest_route=\/wp\/v2\/posts\/212\/revisions"}],"predecessor-version":[{"id":2032,"href":"https:\/\/vaast.armentierois.fr\/index.php?rest_route=\/wp\/v2\/posts\/212\/revisions\/2032"}],"wp:featuredmedia":[{"embeddable":true,"href":"https:\/\/vaast.armentierois.fr\/index.php?rest_route=\/wp\/v2\/media\/2030"}],"wp:attachment":[{"href":"https:\/\/vaast.armentierois.fr\/index.php?rest_route=%2Fwp%2Fv2%2Fmedia&parent=212"}],"wp:term":[{"taxonomy":"category","embeddable":true,"href":"https:\/\/vaast.armentierois.fr\/index.php?rest_route=%2Fwp%2Fv2%2Fcategories&post=212"},{"taxonomy":"post_tag","embeddable":true,"href":"https:\/\/vaast.armentierois.fr\/index.php?rest_route=%2Fwp%2Fv2%2Ftags&post=212"}],"curies":[{"name":"wp","href":"https:\/\/api.w.org\/{rel}","templated":true}]}}