{"id":2131,"date":"2023-09-14T11:09:56","date_gmt":"2023-09-14T09:09:56","guid":{"rendered":"https:\/\/vaast.armentierois.fr\/?p=2131"},"modified":"2023-09-14T21:08:37","modified_gmt":"2023-09-14T19:08:37","slug":"la-clef-de-voute","status":"publish","type":"post","link":"https:\/\/vaast.armentierois.fr\/?p=2131","title":{"rendered":"La clef de vo\u00fbte"},"content":{"rendered":"\n<figure class=\"wp-block-image size-large\"><img loading=\"lazy\" decoding=\"async\" width=\"640\" height=\"853\" src=\"https:\/\/i0.wp.com\/vaast.armentierois.fr\/wp-content\/uploads\/2023\/09\/63249ac1-0a6c-4d0f-b700-d7746f5acb1e-713-000000d5ec7a96cc_file.jpg?resize=640%2C853&#038;ssl=1\" alt=\"\" class=\"wp-image-2130\" srcset=\"https:\/\/i0.wp.com\/vaast.armentierois.fr\/wp-content\/uploads\/2023\/09\/63249ac1-0a6c-4d0f-b700-d7746f5acb1e-713-000000d5ec7a96cc_file-scaled.jpg?resize=768%2C1024&amp;ssl=1 768w, https:\/\/i0.wp.com\/vaast.armentierois.fr\/wp-content\/uploads\/2023\/09\/63249ac1-0a6c-4d0f-b700-d7746f5acb1e-713-000000d5ec7a96cc_file-scaled.jpg?resize=225%2C300&amp;ssl=1 225w, https:\/\/i0.wp.com\/vaast.armentierois.fr\/wp-content\/uploads\/2023\/09\/63249ac1-0a6c-4d0f-b700-d7746f5acb1e-713-000000d5ec7a96cc_file-scaled.jpg?resize=1152%2C1536&amp;ssl=1 1152w, https:\/\/i0.wp.com\/vaast.armentierois.fr\/wp-content\/uploads\/2023\/09\/63249ac1-0a6c-4d0f-b700-d7746f5acb1e-713-000000d5ec7a96cc_file-scaled.jpg?resize=1536%2C2048&amp;ssl=1 1536w, https:\/\/i0.wp.com\/vaast.armentierois.fr\/wp-content\/uploads\/2023\/09\/63249ac1-0a6c-4d0f-b700-d7746f5acb1e-713-000000d5ec7a96cc_file-scaled.jpg?w=1920&amp;ssl=1 1920w, https:\/\/i0.wp.com\/vaast.armentierois.fr\/wp-content\/uploads\/2023\/09\/63249ac1-0a6c-4d0f-b700-d7746f5acb1e-713-000000d5ec7a96cc_file-scaled.jpg?w=1280&amp;ssl=1 1280w\" sizes=\"auto, (max-width: 640px) 100vw, 640px\" data-recalc-dims=\"1\" \/><\/figure>\n\n\n\n<p>Cette clef de voute expos\u00e9e dans l&#8217;ancienne chapelle baptismale est un vestige de l&#8217;ancienne \u00e9glise. La clef de voute est la pierre qui fait tenir l&#8217;ensemble du plafond. Sur elle, est grav\u00e9, les lettres IHS (J\u00e9sus Homme Sauveur) et les clous de la passion. Cela signifie que J\u00e9sus Homme Sauveur est notre cl\u00e9 de voute, c&#8217;est lui qui nous fait tenir. Et sa passion, nous fait \u00e9galement tenir.<\/p>\n","protected":false},"excerpt":{"rendered":"<p>Cette clef de voute expos\u00e9e dans l&#8217;ancienne chapelle baptismale est un vestige de l&#8217;ancienne \u00e9glise. La clef de voute est &hellip; <\/p>\n","protected":false},"author":1,"featured_media":2130,"comment_status":"open","ping_status":"open","sticky":false,"template":"","format":"standard","meta":{"footnotes":""},"categories":[5],"tags":[],"class_list":["post-2131","post","type-post","status-publish","format-standard","has-post-thumbnail","hentry","category-memoire"],"jetpack_featured_media_url":"https:\/\/i0.wp.com\/vaast.armentierois.fr\/wp-content\/uploads\/2023\/09\/63249ac1-0a6c-4d0f-b700-d7746f5acb1e-713-000000d5ec7a96cc_file-scaled.jpg?fit=1920%2C2560&ssl=1","_links":{"self":[{"href":"https:\/\/vaast.armentierois.fr\/index.php?rest_route=\/wp\/v2\/posts\/2131","targetHints":{"allow":["GET"]}}],"collection":[{"href":"https:\/\/vaast.armentierois.fr\/index.php?rest_route=\/wp\/v2\/posts"}],"about":[{"href":"https:\/\/vaast.armentierois.fr\/index.php?rest_route=\/wp\/v2\/types\/post"}],"author":[{"embeddable":true,"href":"https:\/\/vaast.armentierois.fr\/index.php?rest_route=\/wp\/v2\/users\/1"}],"replies":[{"embeddable":true,"href":"https:\/\/vaast.armentierois.fr\/index.php?rest_route=%2Fwp%2Fv2%2Fcomments&post=2131"}],"version-history":[{"count":5,"href":"https:\/\/vaast.armentierois.fr\/index.php?rest_route=\/wp\/v2\/posts\/2131\/revisions"}],"predecessor-version":[{"id":2179,"href":"https:\/\/vaast.armentierois.fr\/index.php?rest_route=\/wp\/v2\/posts\/2131\/revisions\/2179"}],"wp:featuredmedia":[{"embeddable":true,"href":"https:\/\/vaast.armentierois.fr\/index.php?rest_route=\/wp\/v2\/media\/2130"}],"wp:attachment":[{"href":"https:\/\/vaast.armentierois.fr\/index.php?rest_route=%2Fwp%2Fv2%2Fmedia&parent=2131"}],"wp:term":[{"taxonomy":"category","embeddable":true,"href":"https:\/\/vaast.armentierois.fr\/index.php?rest_route=%2Fwp%2Fv2%2Fcategories&post=2131"},{"taxonomy":"post_tag","embeddable":true,"href":"https:\/\/vaast.armentierois.fr\/index.php?rest_route=%2Fwp%2Fv2%2Ftags&post=2131"}],"curies":[{"name":"wp","href":"https:\/\/api.w.org\/{rel}","templated":true}]}}