{"id":214,"date":"2023-07-16T19:26:20","date_gmt":"2023-07-16T17:26:20","guid":{"rendered":"https:\/\/www.nds.armentierois.fr\/?p=214"},"modified":"2023-09-14T19:50:19","modified_gmt":"2023-09-14T17:50:19","slug":"lambon","status":"publish","type":"post","link":"https:\/\/vaast.armentierois.fr\/?p=214","title":{"rendered":"L&#8217;ambon"},"content":{"rendered":"\n<figure class=\"wp-block-image size-large\"><img loading=\"lazy\" decoding=\"async\" width=\"640\" height=\"853\" src=\"https:\/\/i0.wp.com\/vaast.armentierois.fr\/wp-content\/uploads\/2023\/09\/d072b443-b6a4-464c-924c-63aedbe40bba-4064-00000311177af77e_file.jpg?resize=640%2C853&#038;ssl=1\" alt=\"\" class=\"wp-image-1802\" srcset=\"https:\/\/i0.wp.com\/vaast.armentierois.fr\/wp-content\/uploads\/2023\/09\/d072b443-b6a4-464c-924c-63aedbe40bba-4064-00000311177af77e_file-scaled.jpg?resize=768%2C1024&amp;ssl=1 768w, https:\/\/i0.wp.com\/vaast.armentierois.fr\/wp-content\/uploads\/2023\/09\/d072b443-b6a4-464c-924c-63aedbe40bba-4064-00000311177af77e_file-scaled.jpg?resize=225%2C300&amp;ssl=1 225w, https:\/\/i0.wp.com\/vaast.armentierois.fr\/wp-content\/uploads\/2023\/09\/d072b443-b6a4-464c-924c-63aedbe40bba-4064-00000311177af77e_file-scaled.jpg?resize=1152%2C1536&amp;ssl=1 1152w, https:\/\/i0.wp.com\/vaast.armentierois.fr\/wp-content\/uploads\/2023\/09\/d072b443-b6a4-464c-924c-63aedbe40bba-4064-00000311177af77e_file-scaled.jpg?resize=1536%2C2048&amp;ssl=1 1536w, https:\/\/i0.wp.com\/vaast.armentierois.fr\/wp-content\/uploads\/2023\/09\/d072b443-b6a4-464c-924c-63aedbe40bba-4064-00000311177af77e_file-scaled.jpg?w=1920&amp;ssl=1 1920w, https:\/\/i0.wp.com\/vaast.armentierois.fr\/wp-content\/uploads\/2023\/09\/d072b443-b6a4-464c-924c-63aedbe40bba-4064-00000311177af77e_file-scaled.jpg?w=1280&amp;ssl=1 1280w\" sizes=\"auto, (max-width: 640px) 100vw, 640px\" data-recalc-dims=\"1\" \/><figcaption class=\"wp-element-caption\">L\u2019ambon rev\u00eatu d\u2019un voile liturgique <\/figcaption><\/figure>\n\n\n\n<p>L&#8217;ambon est un pupitre fixe o\u00f9 est proclam\u00e9e la Parole de Dieu. Dieu veut nous parler dans les saintes Ecritures. L&#8217;\u00e9coute de la Parole de Dieu nous permet de rencontrer le Christ. <\/p>\n\n\n\n<figure class=\"wp-block-image size-large\"><img loading=\"lazy\" decoding=\"async\" width=\"640\" height=\"853\" src=\"https:\/\/i0.wp.com\/vaast.armentierois.fr\/wp-content\/uploads\/2023\/09\/84436b80-c5f9-402e-a802-58e4bd1a8cb0-5624-00000344f2154510_file.jpg?resize=640%2C853&#038;ssl=1\" alt=\"\" class=\"wp-image-1909\" srcset=\"https:\/\/i0.wp.com\/vaast.armentierois.fr\/wp-content\/uploads\/2023\/09\/84436b80-c5f9-402e-a802-58e4bd1a8cb0-5624-00000344f2154510_file-scaled.jpg?resize=768%2C1024&amp;ssl=1 768w, https:\/\/i0.wp.com\/vaast.armentierois.fr\/wp-content\/uploads\/2023\/09\/84436b80-c5f9-402e-a802-58e4bd1a8cb0-5624-00000344f2154510_file-scaled.jpg?resize=225%2C300&amp;ssl=1 225w, https:\/\/i0.wp.com\/vaast.armentierois.fr\/wp-content\/uploads\/2023\/09\/84436b80-c5f9-402e-a802-58e4bd1a8cb0-5624-00000344f2154510_file-scaled.jpg?resize=1152%2C1536&amp;ssl=1 1152w, https:\/\/i0.wp.com\/vaast.armentierois.fr\/wp-content\/uploads\/2023\/09\/84436b80-c5f9-402e-a802-58e4bd1a8cb0-5624-00000344f2154510_file-scaled.jpg?resize=1536%2C2048&amp;ssl=1 1536w, https:\/\/i0.wp.com\/vaast.armentierois.fr\/wp-content\/uploads\/2023\/09\/84436b80-c5f9-402e-a802-58e4bd1a8cb0-5624-00000344f2154510_file-scaled.jpg?w=1920&amp;ssl=1 1920w, https:\/\/i0.wp.com\/vaast.armentierois.fr\/wp-content\/uploads\/2023\/09\/84436b80-c5f9-402e-a802-58e4bd1a8cb0-5624-00000344f2154510_file-scaled.jpg?w=1280&amp;ssl=1 1280w\" sizes=\"auto, (max-width: 640px) 100vw, 640px\" data-recalc-dims=\"1\" \/><figcaption class=\"wp-element-caption\">L\u2019ambon moderne de l\u2019\u00e9glise Saint-Vaast<\/figcaption><\/figure>\n\n\n\n<p>Saint J\u00e9r\u00f4me qui a traduit la Bible en latin nous dit &#8220;Ignorer les Ecritures, c&#8217;est ignorer le Christ&#8221;. Pour \u00e9couter la parole de Dieu, il faut demander \u00e0 l&#8217;Esprit-Saint de nous ouvrir les portes de notre c\u0153ur, et se rendre disponible par le silence \u00e0 Dieu qui veut nous parler. &#8220;<em>Parle ton serviteur \u00e9coute !<\/em>&#8221; Sm 3,10. Apr\u00e8s l&#8217;avoir \u00e9cout\u00e9, et seulement apr\u00e8s, nous pouvons lui apporter une r\u00e9ponse avec notre c\u0153ur mais aussi avec nos mains dans notre existence. A chaque fois que Dieu nous parle, il cr\u00e9e quelque chose de nouveau dans nos existences, sa parole agit en nous, elle nous \u00e9claire, nous guide et nous transforme. Il est toujours bon de lire la Parole de Dieu avec d&#8217;autres afin de s&#8217;assurer que nous l&#8217;ayons bien comprise.<\/p>\n\n\n\n<figure class=\"wp-block-image size-large\"><img decoding=\"async\" src=\"https:\/\/i0.wp.com\/martin.armentierois.fr\/wp-content\/uploads\/2023\/07\/bible-gd8d900a20_1920-1024x731.jpg?resize=640%2C457&#038;ssl=1\" alt=\"\" class=\"wp-image-264\" data-recalc-dims=\"1\"\/><\/figure>\n\n\n\n<p>C&#8217;est de l&#8217;ambon aussi que le pr\u00eatre ou le diacre s&#8217;adresse aux fid\u00e8les afin de commenter la Parole de Dieu et de la faire r\u00e9sonner dans nos vies. La parole de Dieu veut dire quelque chose aux croyants. Dieu s&#8217;adresse encore \u00e0 nous aujourd&#8217;hui.<\/p>\n\n\n\n<p>Avant d&#8217;\u00e9couter la parole de Dieu, je peux prier ainsi:<\/p>\n\n\n\n<blockquote class=\"wp-block-quote is-layout-flow wp-block-quote-is-layout-flow\">\n<p class=\"has-medium-font-size\">\u00d4 Seigneur J\u00e9sus-Christ, ouvre les yeux de mon c\u0153ur, afin que je puisse entendre Ta parole et comprendre et faire Ta volont\u00e9, car je suis un \u00e9tranger sur la terre. Ne me cache pas Tes commandements, mais ouvre mes yeux, pour que je puisse percevoir les merveilles de Ta loi. Dis-moi les choses cach\u00e9es et secr\u00e8tes de Ta sagesse.&nbsp;<\/p>\n\n\n\n<p class=\"has-medium-font-size\">En Toi je mets mon espoir, \u00f4 mon Dieu, pour que Tu \u00e9claires mon esprit et ma compr\u00e9hension avec la lumi\u00e8re de Ta connaissance, non seulement pour ch\u00e9rir ces choses qui sont \u00e9crites, mais pour les accomplir ; que par la lecture de la vie et des paroles des saints, je puisse ne pas p\u00e9cher, mais que cela serve pour ma restauration, mon illumination et ma sanctification, pour le salut de mon \u00e2me, et l\u2019h\u00e9ritage de la vie \u00e9ternelle. Car Tu es l\u2019illumination de ceux qui se trouvent dans les t\u00e9n\u00e8bres, et de Toi viennent toute bonne action et tout don.&nbsp;<\/p>\n<\/blockquote>\n","protected":false},"excerpt":{"rendered":"<p>L&#8217;ambon est un pupitre fixe o\u00f9 est proclam\u00e9e la Parole de Dieu. Dieu veut nous parler dans les saintes Ecritures. &hellip; <\/p>\n","protected":false},"author":1,"featured_media":1802,"comment_status":"open","ping_status":"open","sticky":false,"template":"","format":"standard","meta":{"footnotes":""},"categories":[4],"tags":[],"class_list":["post-214","post","type-post","status-publish","format-standard","has-post-thumbnail","hentry","category-sacre"],"jetpack_featured_media_url":"https:\/\/i0.wp.com\/vaast.armentierois.fr\/wp-content\/uploads\/2023\/09\/d072b443-b6a4-464c-924c-63aedbe40bba-4064-00000311177af77e_file-scaled.jpg?fit=1920%2C2560&ssl=1","_links":{"self":[{"href":"https:\/\/vaast.armentierois.fr\/index.php?rest_route=\/wp\/v2\/posts\/214","targetHints":{"allow":["GET"]}}],"collection":[{"href":"https:\/\/vaast.armentierois.fr\/index.php?rest_route=\/wp\/v2\/posts"}],"about":[{"href":"https:\/\/vaast.armentierois.fr\/index.php?rest_route=\/wp\/v2\/types\/post"}],"author":[{"embeddable":true,"href":"https:\/\/vaast.armentierois.fr\/index.php?rest_route=\/wp\/v2\/users\/1"}],"replies":[{"embeddable":true,"href":"https:\/\/vaast.armentierois.fr\/index.php?rest_route=%2Fwp%2Fv2%2Fcomments&post=214"}],"version-history":[{"count":5,"href":"https:\/\/vaast.armentierois.fr\/index.php?rest_route=\/wp\/v2\/posts\/214\/revisions"}],"predecessor-version":[{"id":2158,"href":"https:\/\/vaast.armentierois.fr\/index.php?rest_route=\/wp\/v2\/posts\/214\/revisions\/2158"}],"wp:featuredmedia":[{"embeddable":true,"href":"https:\/\/vaast.armentierois.fr\/index.php?rest_route=\/wp\/v2\/media\/1802"}],"wp:attachment":[{"href":"https:\/\/vaast.armentierois.fr\/index.php?rest_route=%2Fwp%2Fv2%2Fmedia&parent=214"}],"wp:term":[{"taxonomy":"category","embeddable":true,"href":"https:\/\/vaast.armentierois.fr\/index.php?rest_route=%2Fwp%2Fv2%2Fcategories&post=214"},{"taxonomy":"post_tag","embeddable":true,"href":"https:\/\/vaast.armentierois.fr\/index.php?rest_route=%2Fwp%2Fv2%2Ftags&post=214"}],"curies":[{"name":"wp","href":"https:\/\/api.w.org\/{rel}","templated":true}]}}