{"id":2140,"date":"2023-09-14T11:20:16","date_gmt":"2023-09-14T09:20:16","guid":{"rendered":"https:\/\/vaast.armentierois.fr\/?p=2140"},"modified":"2023-09-16T11:36:43","modified_gmt":"2023-09-16T09:36:43","slug":"icone-de-la-vierge-marie","status":"publish","type":"post","link":"https:\/\/vaast.armentierois.fr\/?p=2140","title":{"rendered":"Ic\u00f4ne de la Vierge Marie"},"content":{"rendered":"\n<figure class=\"wp-block-image size-large\"><img loading=\"lazy\" decoding=\"async\" width=\"640\" height=\"853\" src=\"https:\/\/i0.wp.com\/vaast.armentierois.fr\/wp-content\/uploads\/2023\/09\/1d0ca438-8425-44e7-be33-d03d35f9a319-713-000000d96f6e8dd8_file.jpg?resize=640%2C853&#038;ssl=1\" alt=\"\" class=\"wp-image-2139\" srcset=\"https:\/\/i0.wp.com\/vaast.armentierois.fr\/wp-content\/uploads\/2023\/09\/1d0ca438-8425-44e7-be33-d03d35f9a319-713-000000d96f6e8dd8_file-scaled.jpg?resize=768%2C1024&amp;ssl=1 768w, https:\/\/i0.wp.com\/vaast.armentierois.fr\/wp-content\/uploads\/2023\/09\/1d0ca438-8425-44e7-be33-d03d35f9a319-713-000000d96f6e8dd8_file-scaled.jpg?resize=225%2C300&amp;ssl=1 225w, https:\/\/i0.wp.com\/vaast.armentierois.fr\/wp-content\/uploads\/2023\/09\/1d0ca438-8425-44e7-be33-d03d35f9a319-713-000000d96f6e8dd8_file-scaled.jpg?resize=1152%2C1536&amp;ssl=1 1152w, https:\/\/i0.wp.com\/vaast.armentierois.fr\/wp-content\/uploads\/2023\/09\/1d0ca438-8425-44e7-be33-d03d35f9a319-713-000000d96f6e8dd8_file-scaled.jpg?resize=1536%2C2048&amp;ssl=1 1536w, https:\/\/i0.wp.com\/vaast.armentierois.fr\/wp-content\/uploads\/2023\/09\/1d0ca438-8425-44e7-be33-d03d35f9a319-713-000000d96f6e8dd8_file-scaled.jpg?w=1920&amp;ssl=1 1920w, https:\/\/i0.wp.com\/vaast.armentierois.fr\/wp-content\/uploads\/2023\/09\/1d0ca438-8425-44e7-be33-d03d35f9a319-713-000000d96f6e8dd8_file-scaled.jpg?w=1280&amp;ssl=1 1280w\" sizes=\"auto, (max-width: 640px) 100vw, 640px\" data-recalc-dims=\"1\" \/><\/figure>\n\n\n\n<p>Cette ic\u00f4ne repr\u00e9sente une Vierge tenant l&#8217;enfant J\u00e9sus dans ses bras. Sa main sert de tr\u00f4ne \u00e0 J\u00e9sus qui est, comme Marie, couronn\u00e9.<\/p>\n","protected":false},"excerpt":{"rendered":"<p>Cette ic\u00f4ne repr\u00e9sente une Vierge tenant l&#8217;enfant J\u00e9sus dans ses bras. Sa main sert de tr\u00f4ne \u00e0 J\u00e9sus qui est, &hellip; <\/p>\n","protected":false},"author":1,"featured_media":2139,"comment_status":"open","ping_status":"open","sticky":false,"template":"","format":"standard","meta":{"footnotes":""},"categories":[3,1,4],"tags":[],"class_list":["post-2140","post","type-post","status-publish","format-standard","has-post-thumbnail","hentry","category-devotion","category-non-classe","category-sacre"],"jetpack_featured_media_url":"https:\/\/i0.wp.com\/vaast.armentierois.fr\/wp-content\/uploads\/2023\/09\/1d0ca438-8425-44e7-be33-d03d35f9a319-713-000000d96f6e8dd8_file-scaled.jpg?fit=1920%2C2560&ssl=1","_links":{"self":[{"href":"https:\/\/vaast.armentierois.fr\/index.php?rest_route=\/wp\/v2\/posts\/2140","targetHints":{"allow":["GET"]}}],"collection":[{"href":"https:\/\/vaast.armentierois.fr\/index.php?rest_route=\/wp\/v2\/posts"}],"about":[{"href":"https:\/\/vaast.armentierois.fr\/index.php?rest_route=\/wp\/v2\/types\/post"}],"author":[{"embeddable":true,"href":"https:\/\/vaast.armentierois.fr\/index.php?rest_route=\/wp\/v2\/users\/1"}],"replies":[{"embeddable":true,"href":"https:\/\/vaast.armentierois.fr\/index.php?rest_route=%2Fwp%2Fv2%2Fcomments&post=2140"}],"version-history":[{"count":3,"href":"https:\/\/vaast.armentierois.fr\/index.php?rest_route=\/wp\/v2\/posts\/2140\/revisions"}],"predecessor-version":[{"id":2177,"href":"https:\/\/vaast.armentierois.fr\/index.php?rest_route=\/wp\/v2\/posts\/2140\/revisions\/2177"}],"wp:featuredmedia":[{"embeddable":true,"href":"https:\/\/vaast.armentierois.fr\/index.php?rest_route=\/wp\/v2\/media\/2139"}],"wp:attachment":[{"href":"https:\/\/vaast.armentierois.fr\/index.php?rest_route=%2Fwp%2Fv2%2Fmedia&parent=2140"}],"wp:term":[{"taxonomy":"category","embeddable":true,"href":"https:\/\/vaast.armentierois.fr\/index.php?rest_route=%2Fwp%2Fv2%2Fcategories&post=2140"},{"taxonomy":"post_tag","embeddable":true,"href":"https:\/\/vaast.armentierois.fr\/index.php?rest_route=%2Fwp%2Fv2%2Ftags&post=2140"}],"curies":[{"name":"wp","href":"https:\/\/api.w.org\/{rel}","templated":true}]}}