{"id":2344,"date":"2023-09-17T15:38:27","date_gmt":"2023-09-17T13:38:27","guid":{"rendered":"https:\/\/vaast.armentierois.fr\/?p=2344"},"modified":"2023-09-17T15:56:25","modified_gmt":"2023-09-17T13:56:25","slug":"le-tabernacle","status":"publish","type":"post","link":"https:\/\/vaast.armentierois.fr\/?p=2344","title":{"rendered":"Le tabernacle"},"content":{"rendered":"\n<p>Ici la pr\u00e9sence r\u00e9elle est dans le tabernacle de l\u2019abside ainsi que dans le tabernacle au ma\u00eetre autel.<\/p>\n\n\n\n<figure class=\"wp-block-image size-large\"><img loading=\"lazy\" decoding=\"async\" width=\"640\" height=\"853\" src=\"https:\/\/i0.wp.com\/vaast.armentierois.fr\/wp-content\/uploads\/2023\/09\/bafeba7a-e767-48d0-81f1-0533e530098e-4064-000003141718977d_file-1.jpg?resize=640%2C853&#038;ssl=1\" alt=\"\" class=\"wp-image-2343\" srcset=\"https:\/\/i0.wp.com\/vaast.armentierois.fr\/wp-content\/uploads\/2023\/09\/bafeba7a-e767-48d0-81f1-0533e530098e-4064-000003141718977d_file-1-scaled.jpg?resize=768%2C1024&amp;ssl=1 768w, https:\/\/i0.wp.com\/vaast.armentierois.fr\/wp-content\/uploads\/2023\/09\/bafeba7a-e767-48d0-81f1-0533e530098e-4064-000003141718977d_file-1-scaled.jpg?resize=225%2C300&amp;ssl=1 225w, https:\/\/i0.wp.com\/vaast.armentierois.fr\/wp-content\/uploads\/2023\/09\/bafeba7a-e767-48d0-81f1-0533e530098e-4064-000003141718977d_file-1-scaled.jpg?resize=1152%2C1536&amp;ssl=1 1152w, https:\/\/i0.wp.com\/vaast.armentierois.fr\/wp-content\/uploads\/2023\/09\/bafeba7a-e767-48d0-81f1-0533e530098e-4064-000003141718977d_file-1-scaled.jpg?resize=1536%2C2048&amp;ssl=1 1536w, https:\/\/i0.wp.com\/vaast.armentierois.fr\/wp-content\/uploads\/2023\/09\/bafeba7a-e767-48d0-81f1-0533e530098e-4064-000003141718977d_file-1-scaled.jpg?w=1920&amp;ssl=1 1920w, https:\/\/i0.wp.com\/vaast.armentierois.fr\/wp-content\/uploads\/2023\/09\/bafeba7a-e767-48d0-81f1-0533e530098e-4064-000003141718977d_file-1-scaled.jpg?w=1280&amp;ssl=1 1280w\" sizes=\"auto, (max-width: 640px) 100vw, 640px\" data-recalc-dims=\"1\" \/><figcaption class=\"wp-element-caption\">Tabernacle de l\u2019abside <\/figcaption><\/figure>\n\n\n\n<figure class=\"wp-block-image size-large\"><img loading=\"lazy\" decoding=\"async\" width=\"640\" height=\"853\" src=\"https:\/\/i0.wp.com\/vaast.armentierois.fr\/wp-content\/uploads\/2023\/09\/10883764-1a28-4474-81ba-9dc0cbfa51b8-1402-000002fb9d050f6e_file.jpg?resize=640%2C853&#038;ssl=1\" alt=\"\" class=\"wp-image-2345\" srcset=\"https:\/\/i0.wp.com\/vaast.armentierois.fr\/wp-content\/uploads\/2023\/09\/10883764-1a28-4474-81ba-9dc0cbfa51b8-1402-000002fb9d050f6e_file-scaled.jpg?resize=768%2C1024&amp;ssl=1 768w, https:\/\/i0.wp.com\/vaast.armentierois.fr\/wp-content\/uploads\/2023\/09\/10883764-1a28-4474-81ba-9dc0cbfa51b8-1402-000002fb9d050f6e_file-scaled.jpg?resize=225%2C300&amp;ssl=1 225w, https:\/\/i0.wp.com\/vaast.armentierois.fr\/wp-content\/uploads\/2023\/09\/10883764-1a28-4474-81ba-9dc0cbfa51b8-1402-000002fb9d050f6e_file-scaled.jpg?resize=1152%2C1536&amp;ssl=1 1152w, https:\/\/i0.wp.com\/vaast.armentierois.fr\/wp-content\/uploads\/2023\/09\/10883764-1a28-4474-81ba-9dc0cbfa51b8-1402-000002fb9d050f6e_file-scaled.jpg?resize=1536%2C2048&amp;ssl=1 1536w, https:\/\/i0.wp.com\/vaast.armentierois.fr\/wp-content\/uploads\/2023\/09\/10883764-1a28-4474-81ba-9dc0cbfa51b8-1402-000002fb9d050f6e_file-scaled.jpg?w=1920&amp;ssl=1 1920w, https:\/\/i0.wp.com\/vaast.armentierois.fr\/wp-content\/uploads\/2023\/09\/10883764-1a28-4474-81ba-9dc0cbfa51b8-1402-000002fb9d050f6e_file-scaled.jpg?w=1280&amp;ssl=1 1280w\" sizes=\"auto, (max-width: 640px) 100vw, 640px\" data-recalc-dims=\"1\" \/><figcaption class=\"wp-element-caption\">Tabernacle de l\u2019\u00e9glise <\/figcaption><\/figure>\n\n\n\n<p>Le Saint Sacrement est la pr\u00e9sence r\u00e9elle de notre Seigneur J\u00e9sus-Christ sous l\u2019apparence du pain de l\u2019hostie. Elle demeure pr\u00e9sente apr\u00e8s la c\u00e9l\u00e9bration de la messe, c\u2019est la raison pour laquelle les catholiques la conservent pr\u00e9cieusement dans un ciboire que l\u2019on retrouve dans le tabernacle (derri\u00e8re la porte ferm\u00e9e \u00e0 cl\u00e9 se trouve le tr\u00e9sor des chr\u00e9tiens : J\u00e9sus vivant sous une hostie !). Souvent une lumi\u00e8re rouge indique la pr\u00e9sence r\u00e9elle, elle nous dit que le tabernacle n\u2019est pas vide, que J\u00e9sus est bien pr\u00e9sent dans l\u2019Eglise.<\/p>\n","protected":false},"excerpt":{"rendered":"<p>Ici la pr\u00e9sence r\u00e9elle est dans le tabernacle de l\u2019abside ainsi que dans le tabernacle au ma\u00eetre autel. Le Saint &hellip; <\/p>\n","protected":false},"author":1,"featured_media":2345,"comment_status":"open","ping_status":"open","sticky":false,"template":"","format":"standard","meta":{"footnotes":""},"categories":[1],"tags":[],"class_list":["post-2344","post","type-post","status-publish","format-standard","has-post-thumbnail","hentry","category-non-classe"],"jetpack_featured_media_url":"https:\/\/i0.wp.com\/vaast.armentierois.fr\/wp-content\/uploads\/2023\/09\/10883764-1a28-4474-81ba-9dc0cbfa51b8-1402-000002fb9d050f6e_file-scaled.jpg?fit=1920%2C2560&ssl=1","_links":{"self":[{"href":"https:\/\/vaast.armentierois.fr\/index.php?rest_route=\/wp\/v2\/posts\/2344","targetHints":{"allow":["GET"]}}],"collection":[{"href":"https:\/\/vaast.armentierois.fr\/index.php?rest_route=\/wp\/v2\/posts"}],"about":[{"href":"https:\/\/vaast.armentierois.fr\/index.php?rest_route=\/wp\/v2\/types\/post"}],"author":[{"embeddable":true,"href":"https:\/\/vaast.armentierois.fr\/index.php?rest_route=\/wp\/v2\/users\/1"}],"replies":[{"embeddable":true,"href":"https:\/\/vaast.armentierois.fr\/index.php?rest_route=%2Fwp%2Fv2%2Fcomments&post=2344"}],"version-history":[{"count":3,"href":"https:\/\/vaast.armentierois.fr\/index.php?rest_route=\/wp\/v2\/posts\/2344\/revisions"}],"predecessor-version":[{"id":2348,"href":"https:\/\/vaast.armentierois.fr\/index.php?rest_route=\/wp\/v2\/posts\/2344\/revisions\/2348"}],"wp:featuredmedia":[{"embeddable":true,"href":"https:\/\/vaast.armentierois.fr\/index.php?rest_route=\/wp\/v2\/media\/2345"}],"wp:attachment":[{"href":"https:\/\/vaast.armentierois.fr\/index.php?rest_route=%2Fwp%2Fv2%2Fmedia&parent=2344"}],"wp:term":[{"taxonomy":"category","embeddable":true,"href":"https:\/\/vaast.armentierois.fr\/index.php?rest_route=%2Fwp%2Fv2%2Fcategories&post=2344"},{"taxonomy":"post_tag","embeddable":true,"href":"https:\/\/vaast.armentierois.fr\/index.php?rest_route=%2Fwp%2Fv2%2Ftags&post=2344"}],"curies":[{"name":"wp","href":"https:\/\/api.w.org\/{rel}","templated":true}]}}