{"id":260,"date":"2023-07-16T19:58:00","date_gmt":"2023-07-16T17:58:00","guid":{"rendered":"https:\/\/www.nds.armentierois.fr\/?p=260"},"modified":"2023-09-13T19:42:40","modified_gmt":"2023-09-13T17:42:40","slug":"le-siege-de-presidence","status":"publish","type":"post","link":"https:\/\/vaast.armentierois.fr\/?p=260","title":{"rendered":"Le si\u00e8ge de pr\u00e9sidence"},"content":{"rendered":"\n<p>Du Psaume 109 :&nbsp;<em>Oracle du Seigneur \u00e0 mon seigneur : \u00ab Si\u00e8ge \u00e0 ma droite, * et je ferai de tes ennemis le marchepied de ton tr\u00f4ne. \u00bb<\/em><\/p>\n\n\n\n<figure class=\"wp-block-image size-large\"><img loading=\"lazy\" decoding=\"async\" width=\"640\" height=\"480\" src=\"https:\/\/i0.wp.com\/vaast.armentierois.fr\/wp-content\/uploads\/2023\/09\/f6f6c594-1c41-40dc-9c7a-65c05cd4ff41-4064-0000030d7b74f555_file.jpg?resize=640%2C480&#038;ssl=1\" alt=\"\" class=\"wp-image-1790\" srcset=\"https:\/\/i0.wp.com\/vaast.armentierois.fr\/wp-content\/uploads\/2023\/09\/f6f6c594-1c41-40dc-9c7a-65c05cd4ff41-4064-0000030d7b74f555_file-scaled.jpg?resize=1024%2C768&amp;ssl=1 1024w, https:\/\/i0.wp.com\/vaast.armentierois.fr\/wp-content\/uploads\/2023\/09\/f6f6c594-1c41-40dc-9c7a-65c05cd4ff41-4064-0000030d7b74f555_file-scaled.jpg?resize=300%2C225&amp;ssl=1 300w, https:\/\/i0.wp.com\/vaast.armentierois.fr\/wp-content\/uploads\/2023\/09\/f6f6c594-1c41-40dc-9c7a-65c05cd4ff41-4064-0000030d7b74f555_file-scaled.jpg?resize=768%2C576&amp;ssl=1 768w, https:\/\/i0.wp.com\/vaast.armentierois.fr\/wp-content\/uploads\/2023\/09\/f6f6c594-1c41-40dc-9c7a-65c05cd4ff41-4064-0000030d7b74f555_file-scaled.jpg?resize=1536%2C1152&amp;ssl=1 1536w, https:\/\/i0.wp.com\/vaast.armentierois.fr\/wp-content\/uploads\/2023\/09\/f6f6c594-1c41-40dc-9c7a-65c05cd4ff41-4064-0000030d7b74f555_file-scaled.jpg?resize=2048%2C1536&amp;ssl=1 2048w, https:\/\/i0.wp.com\/vaast.armentierois.fr\/wp-content\/uploads\/2023\/09\/f6f6c594-1c41-40dc-9c7a-65c05cd4ff41-4064-0000030d7b74f555_file-scaled.jpg?w=1280&amp;ssl=1 1280w, https:\/\/i0.wp.com\/vaast.armentierois.fr\/wp-content\/uploads\/2023\/09\/f6f6c594-1c41-40dc-9c7a-65c05cd4ff41-4064-0000030d7b74f555_file-scaled.jpg?w=1920&amp;ssl=1 1920w\" sizes=\"auto, (max-width: 640px) 100vw, 640px\" data-recalc-dims=\"1\" \/><figcaption class=\"wp-element-caption\">Les fauteuils de pr\u00e9sidence dans l\u2019abside<\/figcaption><\/figure>\n\n\n\n<p>Depuis le concile Vatican II, l&#8217;assembl\u00e9e chr\u00e9tienne est orient\u00e9e vers le Seigneur qui vient \u00e0 la rencontre des siens et se tient au milieu d&#8217;eux. L&#8217;un des signes de cette orientation est, selon St-Justin, &#8220;celui qui pr\u00e9side l&#8217;assembl\u00e9e des fr\u00e8res&#8221;. A c\u00f4t\u00e9 de l&#8217;Autel et de l&#8217;ambon, dans le ch\u0153ur de l&#8217;Eglise, on trouve le si\u00e8ge de pr\u00e9sidence de M. le cur\u00e9. Dans une cath\u00e9drale, on appelle ce si\u00e8ge: une cath\u00e8dre et aucun pr\u00eatre ne l&#8217;occupe en absence de l&#8217;\u00e9v\u00eaque. Il exprime la fonction de Celui \u00e0 qui est confi\u00e9e la fonction de pr\u00e9sider l&#8217;Assembl\u00e9e liturgique et de diriger la pri\u00e8re au nom du Christ par l&#8217;ordination. <\/p>\n\n\n\n<p>En l&#8217;absence de pr\u00eatre, ce si\u00e8ge demeure vacant. Lorsque des la\u00efcs re\u00e7oivent la d\u00e9l\u00e9gation de c\u00e9l\u00e9brer des fun\u00e9railles en l&#8217;absence de pr\u00eatre, il n&#8217;occupe pas ce si\u00e8ge.<\/p>\n\n\n\n<p>Le si\u00e8ge de pr\u00e9sidence me rappelle que j&#8217;ai \u00e0 demander la venue du Seigneur, \u00e0 la solliciter et \u00e0 la soutenir. Je peux prier pour les vocations:<\/p>\n\n\n\n<p class=\"has-medium-font-size\"><strong><em>\u00d4 J\u00e9sus, divin Pasteur des \u00e2mes, qui as appel\u00e9 les Ap\u00f4tres \u00e0 \u00eatre des p\u00eacheurs d&#8217;hommes, attire de nouveau \u00e0 toi les \u00e2mes ardentes et g\u00e9n\u00e9reuses des jeunes, pour en faire tes disciples et tes ministres ; fais-les participer \u00e0 ta soif de R\u00e9demption universelle, [&#8230;] ouvre-leur les horizons du monde entier, [&#8230;] afin que, r\u00e9pondant \u00e0 ton appel, ils prolongent ta mission ici-bas, construisent ton Corps mystique, qui est l&#8217;\u00c9glise, et soient &#8220;sel de la terre&#8221;, &#8220;lumi\u00e8re du monde&#8221; (Mt&nbsp;5, 13).<\/em><\/strong><\/p>\n\n\n\n<figure class=\"wp-block-image size-large\"><img loading=\"lazy\" decoding=\"async\" width=\"640\" height=\"480\" src=\"https:\/\/i0.wp.com\/vaast.armentierois.fr\/wp-content\/uploads\/2023\/09\/16ca580a-1690-4042-b26c-0b9efb829238-5624-00000345a2a921cb_file.jpg?resize=640%2C480&#038;ssl=1\" alt=\"\" class=\"wp-image-1915\" srcset=\"https:\/\/i0.wp.com\/vaast.armentierois.fr\/wp-content\/uploads\/2023\/09\/16ca580a-1690-4042-b26c-0b9efb829238-5624-00000345a2a921cb_file-scaled.jpg?resize=1024%2C768&amp;ssl=1 1024w, https:\/\/i0.wp.com\/vaast.armentierois.fr\/wp-content\/uploads\/2023\/09\/16ca580a-1690-4042-b26c-0b9efb829238-5624-00000345a2a921cb_file-scaled.jpg?resize=300%2C225&amp;ssl=1 300w, https:\/\/i0.wp.com\/vaast.armentierois.fr\/wp-content\/uploads\/2023\/09\/16ca580a-1690-4042-b26c-0b9efb829238-5624-00000345a2a921cb_file-scaled.jpg?resize=768%2C576&amp;ssl=1 768w, https:\/\/i0.wp.com\/vaast.armentierois.fr\/wp-content\/uploads\/2023\/09\/16ca580a-1690-4042-b26c-0b9efb829238-5624-00000345a2a921cb_file-scaled.jpg?resize=1536%2C1152&amp;ssl=1 1536w, https:\/\/i0.wp.com\/vaast.armentierois.fr\/wp-content\/uploads\/2023\/09\/16ca580a-1690-4042-b26c-0b9efb829238-5624-00000345a2a921cb_file-scaled.jpg?resize=2048%2C1536&amp;ssl=1 2048w, https:\/\/i0.wp.com\/vaast.armentierois.fr\/wp-content\/uploads\/2023\/09\/16ca580a-1690-4042-b26c-0b9efb829238-5624-00000345a2a921cb_file-scaled.jpg?w=1280&amp;ssl=1 1280w, https:\/\/i0.wp.com\/vaast.armentierois.fr\/wp-content\/uploads\/2023\/09\/16ca580a-1690-4042-b26c-0b9efb829238-5624-00000345a2a921cb_file-scaled.jpg?w=1920&amp;ssl=1 1920w\" sizes=\"auto, (max-width: 640px) 100vw, 640px\" data-recalc-dims=\"1\" \/><figcaption class=\"wp-element-caption\">Le si\u00e8ge de pr\u00e9sidence moderne de l\u2019\u00e9glise <\/figcaption><\/figure>\n","protected":false},"excerpt":{"rendered":"<p>Du Psaume 109 :&nbsp;Oracle du Seigneur \u00e0 mon seigneur : \u00ab Si\u00e8ge \u00e0 ma droite, * et je ferai de &hellip; <\/p>\n","protected":false},"author":1,"featured_media":1790,"comment_status":"open","ping_status":"open","sticky":false,"template":"","format":"standard","meta":{"footnotes":""},"categories":[4],"tags":[],"class_list":["post-260","post","type-post","status-publish","format-standard","has-post-thumbnail","hentry","category-sacre"],"jetpack_featured_media_url":"https:\/\/i0.wp.com\/vaast.armentierois.fr\/wp-content\/uploads\/2023\/09\/f6f6c594-1c41-40dc-9c7a-65c05cd4ff41-4064-0000030d7b74f555_file-scaled.jpg?fit=2560%2C1920&ssl=1","_links":{"self":[{"href":"https:\/\/vaast.armentierois.fr\/index.php?rest_route=\/wp\/v2\/posts\/260","targetHints":{"allow":["GET"]}}],"collection":[{"href":"https:\/\/vaast.armentierois.fr\/index.php?rest_route=\/wp\/v2\/posts"}],"about":[{"href":"https:\/\/vaast.armentierois.fr\/index.php?rest_route=\/wp\/v2\/types\/post"}],"author":[{"embeddable":true,"href":"https:\/\/vaast.armentierois.fr\/index.php?rest_route=\/wp\/v2\/users\/1"}],"replies":[{"embeddable":true,"href":"https:\/\/vaast.armentierois.fr\/index.php?rest_route=%2Fwp%2Fv2%2Fcomments&post=260"}],"version-history":[{"count":4,"href":"https:\/\/vaast.armentierois.fr\/index.php?rest_route=\/wp\/v2\/posts\/260\/revisions"}],"predecessor-version":[{"id":1917,"href":"https:\/\/vaast.armentierois.fr\/index.php?rest_route=\/wp\/v2\/posts\/260\/revisions\/1917"}],"wp:featuredmedia":[{"embeddable":true,"href":"https:\/\/vaast.armentierois.fr\/index.php?rest_route=\/wp\/v2\/media\/1790"}],"wp:attachment":[{"href":"https:\/\/vaast.armentierois.fr\/index.php?rest_route=%2Fwp%2Fv2%2Fmedia&parent=260"}],"wp:term":[{"taxonomy":"category","embeddable":true,"href":"https:\/\/vaast.armentierois.fr\/index.php?rest_route=%2Fwp%2Fv2%2Fcategories&post=260"},{"taxonomy":"post_tag","embeddable":true,"href":"https:\/\/vaast.armentierois.fr\/index.php?rest_route=%2Fwp%2Fv2%2Ftags&post=260"}],"curies":[{"name":"wp","href":"https:\/\/api.w.org\/{rel}","templated":true}]}}