{"id":29,"date":"2023-07-15T14:36:34","date_gmt":"2023-07-15T12:36:34","guid":{"rendered":"http:\/\/www.nds.armentierois.fr\/?p=29"},"modified":"2023-09-14T18:12:19","modified_gmt":"2023-09-14T16:12:19","slug":"la-porte","status":"publish","type":"post","link":"https:\/\/vaast.armentierois.fr\/?p=29","title":{"rendered":"Les portes"},"content":{"rendered":"\n<p>Passer la porte d&#8217;une \u00e9glise n&#8217;a rien d&#8217;anodin. Les chr\u00e9tiens savent que J\u00e9sus dit \u00e0 ses disciples : &#8220;<strong>Je suis la porte<\/strong>&#8221; <em>Jn 10,7<\/em><\/p>\n\n\n\n<p>En fa\u00e7ade de l&#8217;\u00e9glise St-Vaast, on recense trois portes, au dessus de chaque porte, on retrouve un tympan en pierre sculpt\u00e9e. <\/p>\n\n\n\n<p>Au dessus de la porte principale, on a le visage du P\u00e8re et la main du P\u00e8re, les ailes de la colombe repr\u00e9sentant l&#8217;Esprit-Saint et J\u00e9sus crucifi\u00e9. Toute la Trinit\u00e9 est repr\u00e9sent\u00e9e. Deux anges s&#8217;inclinent devant le myst\u00e8re de Dieu qui s&#8217;est fait homme jusqu&#8217;\u00e0 mourir sur une croix. Le P\u00e8re pr\u00e9sente un \u00e9vangile avec les lettres grecques alpha et om\u00e9ga qui nous disent que Dieu est \u00e0 l&#8217;origine et \u00e0 la fin de tout.<\/p>\n\n\n\n<p>Derri\u00e8re le Christ, on retrouve le linceul de l&#8217;embaumement de J\u00e9sus, il nous annonce la r\u00e9surrection de J\u00e9sus. Christ est vivant, la mandorle ou amande, dans laquelle J\u00e9sus est repr\u00e9sent\u00e9, est r\u00e9elle et non fictive. Au\u00a0Golgotha\u00a0ou mont du Calvaire, sous le regard de Dieu, l\u2019azur dessinait une mandorle durant la crucifixion de J\u00e9sus. C\u2019est la configuration du ciel, formant une amande, qui par analogie, r\u00e9v\u00e8le l\u2019\u00e9tat divin et la gloire \u00e0 venir du Christ sur un plan non-terrestre. Deux autres anges sont \u00e0 genoux en adoration devant la gloire du Christ \u00e0 venir.<\/p>\n\n\n\n<figure class=\"wp-block-image size-large\"><img loading=\"lazy\" decoding=\"async\" width=\"640\" height=\"480\" src=\"https:\/\/i0.wp.com\/vaast.armentierois.fr\/wp-content\/uploads\/2023\/09\/827b2ddf-af19-4890-92d6-20569189dd7c-713-000000d726ab5efa_file.jpg?resize=640%2C480&#038;ssl=1\" alt=\"\" class=\"wp-image-2133\" srcset=\"https:\/\/i0.wp.com\/vaast.armentierois.fr\/wp-content\/uploads\/2023\/09\/827b2ddf-af19-4890-92d6-20569189dd7c-713-000000d726ab5efa_file-scaled.jpg?resize=1024%2C768&amp;ssl=1 1024w, https:\/\/i0.wp.com\/vaast.armentierois.fr\/wp-content\/uploads\/2023\/09\/827b2ddf-af19-4890-92d6-20569189dd7c-713-000000d726ab5efa_file-scaled.jpg?resize=300%2C225&amp;ssl=1 300w, https:\/\/i0.wp.com\/vaast.armentierois.fr\/wp-content\/uploads\/2023\/09\/827b2ddf-af19-4890-92d6-20569189dd7c-713-000000d726ab5efa_file-scaled.jpg?resize=768%2C576&amp;ssl=1 768w, https:\/\/i0.wp.com\/vaast.armentierois.fr\/wp-content\/uploads\/2023\/09\/827b2ddf-af19-4890-92d6-20569189dd7c-713-000000d726ab5efa_file-scaled.jpg?resize=1536%2C1152&amp;ssl=1 1536w, https:\/\/i0.wp.com\/vaast.armentierois.fr\/wp-content\/uploads\/2023\/09\/827b2ddf-af19-4890-92d6-20569189dd7c-713-000000d726ab5efa_file-scaled.jpg?resize=2048%2C1536&amp;ssl=1 2048w, https:\/\/i0.wp.com\/vaast.armentierois.fr\/wp-content\/uploads\/2023\/09\/827b2ddf-af19-4890-92d6-20569189dd7c-713-000000d726ab5efa_file-scaled.jpg?w=1280&amp;ssl=1 1280w, https:\/\/i0.wp.com\/vaast.armentierois.fr\/wp-content\/uploads\/2023\/09\/827b2ddf-af19-4890-92d6-20569189dd7c-713-000000d726ab5efa_file-scaled.jpg?w=1920&amp;ssl=1 1920w\" sizes=\"auto, (max-width: 640px) 100vw, 640px\" data-recalc-dims=\"1\" \/><figcaption class=\"wp-element-caption\">Tympan du porche principal<\/figcaption><\/figure>\n\n\n\n<figure class=\"wp-block-image size-large\"><img loading=\"lazy\" decoding=\"async\" width=\"640\" height=\"853\" src=\"https:\/\/i0.wp.com\/vaast.armentierois.fr\/wp-content\/uploads\/2023\/09\/2a3a5b38-d64a-439b-a73d-8e93ded5f94d-713-000000d2b9324912_file.jpg?resize=640%2C853&#038;ssl=1\" alt=\"\" class=\"wp-image-2112\" srcset=\"https:\/\/i0.wp.com\/vaast.armentierois.fr\/wp-content\/uploads\/2023\/09\/2a3a5b38-d64a-439b-a73d-8e93ded5f94d-713-000000d2b9324912_file-scaled.jpg?resize=768%2C1024&amp;ssl=1 768w, https:\/\/i0.wp.com\/vaast.armentierois.fr\/wp-content\/uploads\/2023\/09\/2a3a5b38-d64a-439b-a73d-8e93ded5f94d-713-000000d2b9324912_file-scaled.jpg?resize=225%2C300&amp;ssl=1 225w, https:\/\/i0.wp.com\/vaast.armentierois.fr\/wp-content\/uploads\/2023\/09\/2a3a5b38-d64a-439b-a73d-8e93ded5f94d-713-000000d2b9324912_file-scaled.jpg?resize=1152%2C1536&amp;ssl=1 1152w, https:\/\/i0.wp.com\/vaast.armentierois.fr\/wp-content\/uploads\/2023\/09\/2a3a5b38-d64a-439b-a73d-8e93ded5f94d-713-000000d2b9324912_file-scaled.jpg?resize=1536%2C2048&amp;ssl=1 1536w, https:\/\/i0.wp.com\/vaast.armentierois.fr\/wp-content\/uploads\/2023\/09\/2a3a5b38-d64a-439b-a73d-8e93ded5f94d-713-000000d2b9324912_file-scaled.jpg?w=1920&amp;ssl=1 1920w, https:\/\/i0.wp.com\/vaast.armentierois.fr\/wp-content\/uploads\/2023\/09\/2a3a5b38-d64a-439b-a73d-8e93ded5f94d-713-000000d2b9324912_file-scaled.jpg?w=1280&amp;ssl=1 1280w\" sizes=\"auto, (max-width: 640px) 100vw, 640px\" data-recalc-dims=\"1\" \/><figcaption class=\"wp-element-caption\">M\u00e9daillon repr\u00e9sentant le Christ Ressuscit\u00e9<\/figcaption><\/figure>\n\n\n\n<p>Le tympan de la porte de droite pr\u00e9sente une Vierge \u00e0 l&#8217;enfant, deux anges sont en adoration devant l&#8217;enfant J\u00e9sus.<\/p>\n\n\n\n<figure class=\"wp-block-image size-large\"><img loading=\"lazy\" decoding=\"async\" width=\"640\" height=\"853\" src=\"https:\/\/i0.wp.com\/vaast.armentierois.fr\/wp-content\/uploads\/2023\/09\/735ce0a5-57bf-437e-bbc9-1ca3f3e6508c-713-000000d1e00b88fc_file.jpg?resize=640%2C853&#038;ssl=1\" alt=\"\" class=\"wp-image-2108\" srcset=\"https:\/\/i0.wp.com\/vaast.armentierois.fr\/wp-content\/uploads\/2023\/09\/735ce0a5-57bf-437e-bbc9-1ca3f3e6508c-713-000000d1e00b88fc_file-scaled.jpg?resize=768%2C1024&amp;ssl=1 768w, https:\/\/i0.wp.com\/vaast.armentierois.fr\/wp-content\/uploads\/2023\/09\/735ce0a5-57bf-437e-bbc9-1ca3f3e6508c-713-000000d1e00b88fc_file-scaled.jpg?resize=225%2C300&amp;ssl=1 225w, https:\/\/i0.wp.com\/vaast.armentierois.fr\/wp-content\/uploads\/2023\/09\/735ce0a5-57bf-437e-bbc9-1ca3f3e6508c-713-000000d1e00b88fc_file-scaled.jpg?resize=1152%2C1536&amp;ssl=1 1152w, https:\/\/i0.wp.com\/vaast.armentierois.fr\/wp-content\/uploads\/2023\/09\/735ce0a5-57bf-437e-bbc9-1ca3f3e6508c-713-000000d1e00b88fc_file-scaled.jpg?resize=1536%2C2048&amp;ssl=1 1536w, https:\/\/i0.wp.com\/vaast.armentierois.fr\/wp-content\/uploads\/2023\/09\/735ce0a5-57bf-437e-bbc9-1ca3f3e6508c-713-000000d1e00b88fc_file-scaled.jpg?w=1920&amp;ssl=1 1920w, https:\/\/i0.wp.com\/vaast.armentierois.fr\/wp-content\/uploads\/2023\/09\/735ce0a5-57bf-437e-bbc9-1ca3f3e6508c-713-000000d1e00b88fc_file-scaled.jpg?w=1280&amp;ssl=1 1280w\" sizes=\"auto, (max-width: 640px) 100vw, 640px\" data-recalc-dims=\"1\" \/><figcaption class=\"wp-element-caption\">La porte de droite<\/figcaption><\/figure>\n\n\n\n<p>A l&#8217;int\u00e9rieur, le m\u00e9daillon indique en latin l&#8217;usage de cette porte: &#8220;Laissez le fond entrez et sortir&#8221;<\/p>\n\n\n\n<figure class=\"wp-block-image size-large\"><img loading=\"lazy\" decoding=\"async\" width=\"640\" height=\"853\" src=\"https:\/\/i0.wp.com\/vaast.armentierois.fr\/wp-content\/uploads\/2023\/09\/18f206d5-155d-4e54-8640-617226f4f1a5-713-000000d211508c7f_file.jpg?resize=640%2C853&#038;ssl=1\" alt=\"\" class=\"wp-image-2109\" srcset=\"https:\/\/i0.wp.com\/vaast.armentierois.fr\/wp-content\/uploads\/2023\/09\/18f206d5-155d-4e54-8640-617226f4f1a5-713-000000d211508c7f_file-scaled.jpg?resize=768%2C1024&amp;ssl=1 768w, https:\/\/i0.wp.com\/vaast.armentierois.fr\/wp-content\/uploads\/2023\/09\/18f206d5-155d-4e54-8640-617226f4f1a5-713-000000d211508c7f_file-scaled.jpg?resize=225%2C300&amp;ssl=1 225w, https:\/\/i0.wp.com\/vaast.armentierois.fr\/wp-content\/uploads\/2023\/09\/18f206d5-155d-4e54-8640-617226f4f1a5-713-000000d211508c7f_file-scaled.jpg?resize=1152%2C1536&amp;ssl=1 1152w, https:\/\/i0.wp.com\/vaast.armentierois.fr\/wp-content\/uploads\/2023\/09\/18f206d5-155d-4e54-8640-617226f4f1a5-713-000000d211508c7f_file-scaled.jpg?resize=1536%2C2048&amp;ssl=1 1536w, https:\/\/i0.wp.com\/vaast.armentierois.fr\/wp-content\/uploads\/2023\/09\/18f206d5-155d-4e54-8640-617226f4f1a5-713-000000d211508c7f_file-scaled.jpg?w=1920&amp;ssl=1 1920w, https:\/\/i0.wp.com\/vaast.armentierois.fr\/wp-content\/uploads\/2023\/09\/18f206d5-155d-4e54-8640-617226f4f1a5-713-000000d211508c7f_file-scaled.jpg?w=1280&amp;ssl=1 1280w\" sizes=\"auto, (max-width: 640px) 100vw, 640px\" data-recalc-dims=\"1\" \/><figcaption class=\"wp-element-caption\">M\u00e9daillon int\u00e9rieur au dessus de la porte d&#8217;entr\u00e9e<\/figcaption><\/figure>\n\n\n\n<p>Le tympan du porche de gauche semble repr\u00e9senter l&#8217;\u00e9v\u00eaque Saint Vaast, patron de l&#8217;\u00e9glise. Deux anges s&#8217;inclinent devant le saint. Il tient dans sa main une hache car la hache est un de ses attributs.<\/p>\n\n\n\n<figure class=\"wp-block-image size-large\"><img loading=\"lazy\" decoding=\"async\" width=\"640\" height=\"853\" src=\"https:\/\/i0.wp.com\/vaast.armentierois.fr\/wp-content\/uploads\/2023\/09\/069c5eb6-25cc-433e-9094-23ac303df61b-713-000000d2505cfa35_file.jpg?resize=640%2C853&#038;ssl=1\" alt=\"\" class=\"wp-image-2110\" srcset=\"https:\/\/i0.wp.com\/vaast.armentierois.fr\/wp-content\/uploads\/2023\/09\/069c5eb6-25cc-433e-9094-23ac303df61b-713-000000d2505cfa35_file-scaled.jpg?resize=768%2C1024&amp;ssl=1 768w, https:\/\/i0.wp.com\/vaast.armentierois.fr\/wp-content\/uploads\/2023\/09\/069c5eb6-25cc-433e-9094-23ac303df61b-713-000000d2505cfa35_file-scaled.jpg?resize=225%2C300&amp;ssl=1 225w, https:\/\/i0.wp.com\/vaast.armentierois.fr\/wp-content\/uploads\/2023\/09\/069c5eb6-25cc-433e-9094-23ac303df61b-713-000000d2505cfa35_file-scaled.jpg?resize=1152%2C1536&amp;ssl=1 1152w, https:\/\/i0.wp.com\/vaast.armentierois.fr\/wp-content\/uploads\/2023\/09\/069c5eb6-25cc-433e-9094-23ac303df61b-713-000000d2505cfa35_file-scaled.jpg?resize=1536%2C2048&amp;ssl=1 1536w, https:\/\/i0.wp.com\/vaast.armentierois.fr\/wp-content\/uploads\/2023\/09\/069c5eb6-25cc-433e-9094-23ac303df61b-713-000000d2505cfa35_file-scaled.jpg?w=1920&amp;ssl=1 1920w, https:\/\/i0.wp.com\/vaast.armentierois.fr\/wp-content\/uploads\/2023\/09\/069c5eb6-25cc-433e-9094-23ac303df61b-713-000000d2505cfa35_file-scaled.jpg?w=1280&amp;ssl=1 1280w\" sizes=\"auto, (max-width: 640px) 100vw, 640px\" data-recalc-dims=\"1\" \/><\/figure>\n\n\n\n<p>Le m\u00e9daillon int\u00e9rieur porte l&#8217;inscription latine : &#8221; J&#8217;irai \u00e0 l&#8217;autel de Dieu&#8221;, c&#8217;est par cette porte que les gens \u00e9taient invit\u00e9s \u00e0 entrer, c&#8217;est d&#8217;ailleurs \u00e0 la gauche de cette porte que l&#8217;on trouvait autrefois le baptist\u00e8re. Les vitraux rappelant le bapt\u00eame de J\u00e9sus nous le confirme.<\/p>\n\n\n\n<figure class=\"wp-block-image size-large\"><img loading=\"lazy\" decoding=\"async\" width=\"640\" height=\"853\" src=\"https:\/\/i0.wp.com\/vaast.armentierois.fr\/wp-content\/uploads\/2023\/09\/810087b8-b550-4b57-96c8-9e92e3106240-713-000000d27894e88e_file.jpg?resize=640%2C853&#038;ssl=1\" alt=\"\" class=\"wp-image-2111\" srcset=\"https:\/\/i0.wp.com\/vaast.armentierois.fr\/wp-content\/uploads\/2023\/09\/810087b8-b550-4b57-96c8-9e92e3106240-713-000000d27894e88e_file-scaled.jpg?resize=768%2C1024&amp;ssl=1 768w, https:\/\/i0.wp.com\/vaast.armentierois.fr\/wp-content\/uploads\/2023\/09\/810087b8-b550-4b57-96c8-9e92e3106240-713-000000d27894e88e_file-scaled.jpg?resize=225%2C300&amp;ssl=1 225w, https:\/\/i0.wp.com\/vaast.armentierois.fr\/wp-content\/uploads\/2023\/09\/810087b8-b550-4b57-96c8-9e92e3106240-713-000000d27894e88e_file-scaled.jpg?resize=1152%2C1536&amp;ssl=1 1152w, https:\/\/i0.wp.com\/vaast.armentierois.fr\/wp-content\/uploads\/2023\/09\/810087b8-b550-4b57-96c8-9e92e3106240-713-000000d27894e88e_file-scaled.jpg?resize=1536%2C2048&amp;ssl=1 1536w, https:\/\/i0.wp.com\/vaast.armentierois.fr\/wp-content\/uploads\/2023\/09\/810087b8-b550-4b57-96c8-9e92e3106240-713-000000d27894e88e_file-scaled.jpg?w=1920&amp;ssl=1 1920w, https:\/\/i0.wp.com\/vaast.armentierois.fr\/wp-content\/uploads\/2023\/09\/810087b8-b550-4b57-96c8-9e92e3106240-713-000000d27894e88e_file-scaled.jpg?w=1280&amp;ssl=1 1280w\" sizes=\"auto, (max-width: 640px) 100vw, 640px\" data-recalc-dims=\"1\" \/><\/figure>\n\n\n\n<p>Entrer dans une \u00e9glise, c&#8217;est donc s&#8217;approcher de J\u00e9sus qui y est pr\u00e9sent. Il y est sous le pain de l&#8217;Eucharistie qui est conserv\u00e9 dans le tabernacle (coffret situ\u00e9 dans le ch\u0153ur de l&#8217;\u00e9glise, une lampe rouge indique que J\u00e9sus est pr\u00e9sent \u00e0 cet endroit).<\/p>\n\n\n\n<p>J\u00e9sus est la porte de la foi. Il est la porte de la vie. Il est la porte ouverte sur l&#8217;avenir. Il nous rend libre. Avec lui nous ne sommes jamais prisonniers ou enferm\u00e9s. Il ouvre la porte des tombeaux. Il annonce notre r\u00e9surrection. Il nous ouvre \u00e0 la vie \u00e9ternelle.<\/p>\n\n\n\n<p>Sur les cot\u00e9s Est et Ouest de l&#8217;\u00e9glise, on trouve aussi trois portes, dont deux (cot\u00e9s places) avec un acc\u00e8s pour les personnes \u00e0 mobilit\u00e9 r\u00e9duite.<\/p>\n","protected":false},"excerpt":{"rendered":"<p>Passer la porte d&#8217;une \u00e9glise n&#8217;a rien d&#8217;anodin. Les chr\u00e9tiens savent que J\u00e9sus dit \u00e0 ses disciples : &#8220;Je suis &hellip; <\/p>\n","protected":false},"author":1,"featured_media":2133,"comment_status":"open","ping_status":"open","sticky":false,"template":"","format":"standard","meta":{"footnotes":""},"categories":[2],"tags":[],"class_list":["post-29","post","type-post","status-publish","format-standard","has-post-thumbnail","hentry","category-sens"],"jetpack_featured_media_url":"https:\/\/i0.wp.com\/vaast.armentierois.fr\/wp-content\/uploads\/2023\/09\/827b2ddf-af19-4890-92d6-20569189dd7c-713-000000d726ab5efa_file-scaled.jpg?fit=2560%2C1920&ssl=1","_links":{"self":[{"href":"https:\/\/vaast.armentierois.fr\/index.php?rest_route=\/wp\/v2\/posts\/29","targetHints":{"allow":["GET"]}}],"collection":[{"href":"https:\/\/vaast.armentierois.fr\/index.php?rest_route=\/wp\/v2\/posts"}],"about":[{"href":"https:\/\/vaast.armentierois.fr\/index.php?rest_route=\/wp\/v2\/types\/post"}],"author":[{"embeddable":true,"href":"https:\/\/vaast.armentierois.fr\/index.php?rest_route=\/wp\/v2\/users\/1"}],"replies":[{"embeddable":true,"href":"https:\/\/vaast.armentierois.fr\/index.php?rest_route=%2Fwp%2Fv2%2Fcomments&post=29"}],"version-history":[{"count":5,"href":"https:\/\/vaast.armentierois.fr\/index.php?rest_route=\/wp\/v2\/posts\/29\/revisions"}],"predecessor-version":[{"id":2148,"href":"https:\/\/vaast.armentierois.fr\/index.php?rest_route=\/wp\/v2\/posts\/29\/revisions\/2148"}],"wp:featuredmedia":[{"embeddable":true,"href":"https:\/\/vaast.armentierois.fr\/index.php?rest_route=\/wp\/v2\/media\/2133"}],"wp:attachment":[{"href":"https:\/\/vaast.armentierois.fr\/index.php?rest_route=%2Fwp%2Fv2%2Fmedia&parent=29"}],"wp:term":[{"taxonomy":"category","embeddable":true,"href":"https:\/\/vaast.armentierois.fr\/index.php?rest_route=%2Fwp%2Fv2%2Fcategories&post=29"},{"taxonomy":"post_tag","embeddable":true,"href":"https:\/\/vaast.armentierois.fr\/index.php?rest_route=%2Fwp%2Fv2%2Ftags&post=29"}],"curies":[{"name":"wp","href":"https:\/\/api.w.org\/{rel}","templated":true}]}}