{"id":31,"date":"2023-07-15T14:56:14","date_gmt":"2023-07-15T12:56:14","guid":{"rendered":"http:\/\/www.nds.armentierois.fr\/?p=31"},"modified":"2023-09-14T20:10:27","modified_gmt":"2023-09-14T18:10:27","slug":"le-baptistere","status":"publish","type":"post","link":"https:\/\/vaast.armentierois.fr\/?p=31","title":{"rendered":"Le baptist\u00e8re"},"content":{"rendered":"\n<figure class=\"wp-block-image size-large\"><img loading=\"lazy\" decoding=\"async\" width=\"640\" height=\"853\" src=\"https:\/\/i0.wp.com\/vaast.armentierois.fr\/wp-content\/uploads\/2023\/09\/d715678b-2569-44e3-ba2a-ba6954b73add-4064-0000030c667f580c_file.jpg?resize=640%2C853&#038;ssl=1\" alt=\"\" class=\"wp-image-1787\" srcset=\"https:\/\/i0.wp.com\/vaast.armentierois.fr\/wp-content\/uploads\/2023\/09\/d715678b-2569-44e3-ba2a-ba6954b73add-4064-0000030c667f580c_file-scaled.jpg?resize=768%2C1024&amp;ssl=1 768w, https:\/\/i0.wp.com\/vaast.armentierois.fr\/wp-content\/uploads\/2023\/09\/d715678b-2569-44e3-ba2a-ba6954b73add-4064-0000030c667f580c_file-scaled.jpg?resize=225%2C300&amp;ssl=1 225w, https:\/\/i0.wp.com\/vaast.armentierois.fr\/wp-content\/uploads\/2023\/09\/d715678b-2569-44e3-ba2a-ba6954b73add-4064-0000030c667f580c_file-scaled.jpg?resize=1152%2C1536&amp;ssl=1 1152w, https:\/\/i0.wp.com\/vaast.armentierois.fr\/wp-content\/uploads\/2023\/09\/d715678b-2569-44e3-ba2a-ba6954b73add-4064-0000030c667f580c_file-scaled.jpg?resize=1536%2C2048&amp;ssl=1 1536w, https:\/\/i0.wp.com\/vaast.armentierois.fr\/wp-content\/uploads\/2023\/09\/d715678b-2569-44e3-ba2a-ba6954b73add-4064-0000030c667f580c_file-scaled.jpg?w=1920&amp;ssl=1 1920w, https:\/\/i0.wp.com\/vaast.armentierois.fr\/wp-content\/uploads\/2023\/09\/d715678b-2569-44e3-ba2a-ba6954b73add-4064-0000030c667f580c_file-scaled.jpg?w=1280&amp;ssl=1 1280w\" sizes=\"auto, (max-width: 640px) 100vw, 640px\" data-recalc-dims=\"1\" \/><figcaption class=\"wp-element-caption\">Le baptist\u00e8re <\/figcaption><\/figure>\n\n\n\n<p>Le baptist\u00e8re est aujourd&#8217;hui dans l&#8217;abside, il est de forme octogonale, cette forme symbolise la rencontre entre l&#8217;homme et Dieu. <\/p>\n\n\n\n<p>C&#8217;est l\u00e0 que l&#8217;on devient &#8220;Chr\u00e9tien&#8221; par le sacrement du bapt\u00eame. Au nom de J\u00e9sus, le pr\u00eatre ou le diacre dit \u00e0 Celui qui re\u00e7oit ce premier sacrement de l&#8217;initiation chr\u00e9tienne &#8220;Je te baptise au nom du P\u00e8re, du Fils et du Saint-Esprit. Amen.&#8221;.  Ces paroles sont grav\u00e9es en latin sur ce baptist\u00e8re.<\/p>\n\n\n\n<p>Se rendre au baptist\u00e8re dans une \u00e9glise, c&#8217;est effectuer un p\u00e8lerinage \u00e0 la source de la foi dans laquelle les chr\u00e9tiens ont \u00e9t\u00e9 plong\u00e9s. En ce lieu, je peux prier ou confesser la foi chr\u00e9tienne :<\/p>\n\n\n\n<p>Je crois en Dieu, le P\u00e8re tout-puissant,<br>Cr\u00e9ateur du ciel et de la terre.<br>Et en J\u00e9sus Christ, son Fils unique, notre Seigneur ;<br>qui a \u00e9t\u00e9 con\u00e7u du Saint Esprit, est n\u00e9 de la Vierge Marie,<br>a souffert sous Ponce Pilate, a \u00e9t\u00e9 crucifi\u00e9,<br>est mort et a \u00e9t\u00e9 enseveli, est descendu aux enfers ;<br>le troisi\u00e8me jour est ressuscit\u00e9 des morts,<br>est mont\u00e9 aux cieux, est assis \u00e0 la droite de Dieu le P\u00e8re tout-puissant,<br>d\u2019o\u00f9 il viendra juger les vivants et les morts.<br>Je crois en l\u2019Esprit-Saint, \u00e0 la sainte \u00c9glise catholique, \u00e0 la communion des saints,<br>\u00e0 la r\u00e9mission des p\u00e9ch\u00e9s, \u00e0 la r\u00e9surrection&nbsp;de la chair, \u00e0 la vie \u00e9ternelle.<\/p>\n\n\n\n<p>Amen<\/p>\n","protected":false},"excerpt":{"rendered":"<p>Le baptist\u00e8re est aujourd&#8217;hui dans l&#8217;abside, il est de forme octogonale, cette forme symbolise la rencontre entre l&#8217;homme et Dieu. &hellip; <\/p>\n","protected":false},"author":1,"featured_media":1787,"comment_status":"open","ping_status":"open","sticky":false,"template":"","format":"standard","meta":{"footnotes":""},"categories":[3,4],"tags":[],"class_list":["post-31","post","type-post","status-publish","format-standard","has-post-thumbnail","hentry","category-devotion","category-sacre"],"jetpack_featured_media_url":"https:\/\/i0.wp.com\/vaast.armentierois.fr\/wp-content\/uploads\/2023\/09\/d715678b-2569-44e3-ba2a-ba6954b73add-4064-0000030c667f580c_file-scaled.jpg?fit=1920%2C2560&ssl=1","_links":{"self":[{"href":"https:\/\/vaast.armentierois.fr\/index.php?rest_route=\/wp\/v2\/posts\/31","targetHints":{"allow":["GET"]}}],"collection":[{"href":"https:\/\/vaast.armentierois.fr\/index.php?rest_route=\/wp\/v2\/posts"}],"about":[{"href":"https:\/\/vaast.armentierois.fr\/index.php?rest_route=\/wp\/v2\/types\/post"}],"author":[{"embeddable":true,"href":"https:\/\/vaast.armentierois.fr\/index.php?rest_route=\/wp\/v2\/users\/1"}],"replies":[{"embeddable":true,"href":"https:\/\/vaast.armentierois.fr\/index.php?rest_route=%2Fwp%2Fv2%2Fcomments&post=31"}],"version-history":[{"count":3,"href":"https:\/\/vaast.armentierois.fr\/index.php?rest_route=\/wp\/v2\/posts\/31\/revisions"}],"predecessor-version":[{"id":2169,"href":"https:\/\/vaast.armentierois.fr\/index.php?rest_route=\/wp\/v2\/posts\/31\/revisions\/2169"}],"wp:featuredmedia":[{"embeddable":true,"href":"https:\/\/vaast.armentierois.fr\/index.php?rest_route=\/wp\/v2\/media\/1787"}],"wp:attachment":[{"href":"https:\/\/vaast.armentierois.fr\/index.php?rest_route=%2Fwp%2Fv2%2Fmedia&parent=31"}],"wp:term":[{"taxonomy":"category","embeddable":true,"href":"https:\/\/vaast.armentierois.fr\/index.php?rest_route=%2Fwp%2Fv2%2Fcategories&post=31"},{"taxonomy":"post_tag","embeddable":true,"href":"https:\/\/vaast.armentierois.fr\/index.php?rest_route=%2Fwp%2Fv2%2Ftags&post=31"}],"curies":[{"name":"wp","href":"https:\/\/api.w.org\/{rel}","templated":true}]}}