{"id":33,"date":"2023-07-15T15:12:54","date_gmt":"2023-07-15T13:12:54","guid":{"rendered":"http:\/\/www.nds.armentierois.fr\/?p=33"},"modified":"2023-09-14T20:09:07","modified_gmt":"2023-09-14T18:09:07","slug":"lautel","status":"publish","type":"post","link":"https:\/\/vaast.armentierois.fr\/?p=33","title":{"rendered":"L&#8217;autel"},"content":{"rendered":"\n<p>L&#8217;autel se situe dans le ch\u0153ur de l&#8217;\u00e9glise et \u00e0 St-Vaast dans l\u2019abside. Il repr\u00e9sente le tombeau de J\u00e9sus. C&#8217;est sur celui-ci que le pr\u00eatre ou l&#8217;\u00e9v\u00eaque c\u00e9l\u00e8bre, au nom de J\u00e9sus, l&#8217;Eucharistie. Il rend pr\u00e9sent et vivant J\u00e9sus dans le pain et le vin qui sont offerts. A chaque messe, par les mains du pr\u00eatre, le Christ offre sa vie. Il passe de la mort \u00e0 la vie, il actualise sa victoire sur la mort et le p\u00e9ch\u00e9. J\u00e9sus vivant nous sanctifie, nous unit, nous purifie, nous pardonne, nous ouvre un avenir.<\/p>\n\n\n\n<figure class=\"wp-block-image size-large\"><img loading=\"lazy\" decoding=\"async\" width=\"640\" height=\"480\" src=\"https:\/\/i0.wp.com\/vaast.armentierois.fr\/wp-content\/uploads\/2023\/09\/cf2a3c08-e5cc-4b8b-8507-006f41b7764d-4064-0000030e60b571b4_file.jpg?resize=640%2C480&#038;ssl=1\" alt=\"\" class=\"wp-image-1793\" srcset=\"https:\/\/i0.wp.com\/vaast.armentierois.fr\/wp-content\/uploads\/2023\/09\/cf2a3c08-e5cc-4b8b-8507-006f41b7764d-4064-0000030e60b571b4_file-scaled.jpg?resize=1024%2C768&amp;ssl=1 1024w, https:\/\/i0.wp.com\/vaast.armentierois.fr\/wp-content\/uploads\/2023\/09\/cf2a3c08-e5cc-4b8b-8507-006f41b7764d-4064-0000030e60b571b4_file-scaled.jpg?resize=300%2C225&amp;ssl=1 300w, https:\/\/i0.wp.com\/vaast.armentierois.fr\/wp-content\/uploads\/2023\/09\/cf2a3c08-e5cc-4b8b-8507-006f41b7764d-4064-0000030e60b571b4_file-scaled.jpg?resize=768%2C576&amp;ssl=1 768w, https:\/\/i0.wp.com\/vaast.armentierois.fr\/wp-content\/uploads\/2023\/09\/cf2a3c08-e5cc-4b8b-8507-006f41b7764d-4064-0000030e60b571b4_file-scaled.jpg?resize=1536%2C1152&amp;ssl=1 1536w, https:\/\/i0.wp.com\/vaast.armentierois.fr\/wp-content\/uploads\/2023\/09\/cf2a3c08-e5cc-4b8b-8507-006f41b7764d-4064-0000030e60b571b4_file-scaled.jpg?resize=2048%2C1536&amp;ssl=1 2048w, https:\/\/i0.wp.com\/vaast.armentierois.fr\/wp-content\/uploads\/2023\/09\/cf2a3c08-e5cc-4b8b-8507-006f41b7764d-4064-0000030e60b571b4_file-scaled.jpg?w=1280&amp;ssl=1 1280w, https:\/\/i0.wp.com\/vaast.armentierois.fr\/wp-content\/uploads\/2023\/09\/cf2a3c08-e5cc-4b8b-8507-006f41b7764d-4064-0000030e60b571b4_file-scaled.jpg?w=1920&amp;ssl=1 1920w\" sizes=\"auto, (max-width: 640px) 100vw, 640px\" data-recalc-dims=\"1\" \/><figcaption class=\"wp-element-caption\">L\u2019autel de l\u2019abside <\/figcaption><\/figure>\n\n\n\n<figure class=\"wp-block-image size-large\"><img loading=\"lazy\" decoding=\"async\" width=\"640\" height=\"480\" src=\"https:\/\/i0.wp.com\/vaast.armentierois.fr\/wp-content\/uploads\/2023\/09\/28420741-aed2-469f-bec0-323b4c78e0f1-5624-000003455244a552_file.jpg?resize=640%2C480&#038;ssl=1\" alt=\"\" class=\"wp-image-1912\" srcset=\"https:\/\/i0.wp.com\/vaast.armentierois.fr\/wp-content\/uploads\/2023\/09\/28420741-aed2-469f-bec0-323b4c78e0f1-5624-000003455244a552_file-scaled.jpg?resize=1024%2C768&amp;ssl=1 1024w, https:\/\/i0.wp.com\/vaast.armentierois.fr\/wp-content\/uploads\/2023\/09\/28420741-aed2-469f-bec0-323b4c78e0f1-5624-000003455244a552_file-scaled.jpg?resize=300%2C225&amp;ssl=1 300w, https:\/\/i0.wp.com\/vaast.armentierois.fr\/wp-content\/uploads\/2023\/09\/28420741-aed2-469f-bec0-323b4c78e0f1-5624-000003455244a552_file-scaled.jpg?resize=768%2C576&amp;ssl=1 768w, https:\/\/i0.wp.com\/vaast.armentierois.fr\/wp-content\/uploads\/2023\/09\/28420741-aed2-469f-bec0-323b4c78e0f1-5624-000003455244a552_file-scaled.jpg?resize=1536%2C1152&amp;ssl=1 1536w, https:\/\/i0.wp.com\/vaast.armentierois.fr\/wp-content\/uploads\/2023\/09\/28420741-aed2-469f-bec0-323b4c78e0f1-5624-000003455244a552_file-scaled.jpg?resize=2048%2C1536&amp;ssl=1 2048w, https:\/\/i0.wp.com\/vaast.armentierois.fr\/wp-content\/uploads\/2023\/09\/28420741-aed2-469f-bec0-323b4c78e0f1-5624-000003455244a552_file-scaled.jpg?w=1280&amp;ssl=1 1280w, https:\/\/i0.wp.com\/vaast.armentierois.fr\/wp-content\/uploads\/2023\/09\/28420741-aed2-469f-bec0-323b4c78e0f1-5624-000003455244a552_file-scaled.jpg?w=1920&amp;ssl=1 1920w\" sizes=\"auto, (max-width: 640px) 100vw, 640px\" data-recalc-dims=\"1\" \/><figcaption class=\"wp-element-caption\">L\u2019autel moderne de l\u2019\u00e9glise <\/figcaption><\/figure>\n\n\n\n<figure class=\"wp-block-image size-large\"><img loading=\"lazy\" decoding=\"async\" width=\"640\" height=\"480\" src=\"https:\/\/i0.wp.com\/vaast.armentierois.fr\/wp-content\/uploads\/2023\/09\/ad33c062-e449-49b4-840a-0e63cd28568f-713-000000d58765bca3_file.jpg?resize=640%2C480&#038;ssl=1\" alt=\"\" class=\"wp-image-2127\" srcset=\"https:\/\/i0.wp.com\/vaast.armentierois.fr\/wp-content\/uploads\/2023\/09\/ad33c062-e449-49b4-840a-0e63cd28568f-713-000000d58765bca3_file-scaled.jpg?resize=1024%2C768&amp;ssl=1 1024w, https:\/\/i0.wp.com\/vaast.armentierois.fr\/wp-content\/uploads\/2023\/09\/ad33c062-e449-49b4-840a-0e63cd28568f-713-000000d58765bca3_file-scaled.jpg?resize=300%2C225&amp;ssl=1 300w, https:\/\/i0.wp.com\/vaast.armentierois.fr\/wp-content\/uploads\/2023\/09\/ad33c062-e449-49b4-840a-0e63cd28568f-713-000000d58765bca3_file-scaled.jpg?resize=768%2C576&amp;ssl=1 768w, https:\/\/i0.wp.com\/vaast.armentierois.fr\/wp-content\/uploads\/2023\/09\/ad33c062-e449-49b4-840a-0e63cd28568f-713-000000d58765bca3_file-scaled.jpg?resize=1536%2C1152&amp;ssl=1 1536w, https:\/\/i0.wp.com\/vaast.armentierois.fr\/wp-content\/uploads\/2023\/09\/ad33c062-e449-49b4-840a-0e63cd28568f-713-000000d58765bca3_file-scaled.jpg?resize=2048%2C1536&amp;ssl=1 2048w, https:\/\/i0.wp.com\/vaast.armentierois.fr\/wp-content\/uploads\/2023\/09\/ad33c062-e449-49b4-840a-0e63cd28568f-713-000000d58765bca3_file-scaled.jpg?w=1280&amp;ssl=1 1280w, https:\/\/i0.wp.com\/vaast.armentierois.fr\/wp-content\/uploads\/2023\/09\/ad33c062-e449-49b4-840a-0e63cd28568f-713-000000d58765bca3_file-scaled.jpg?w=1920&amp;ssl=1 1920w\" sizes=\"auto, (max-width: 640px) 100vw, 640px\" data-recalc-dims=\"1\" \/><figcaption class=\"wp-element-caption\">L&#8217;ancien autel de l&#8217;\u00e9glise<\/figcaption><\/figure>\n\n\n\n<p>Je peux me recueillir en silence devant l&#8217;Autel, en pensant \u00e0 J\u00e9sus qui y donne sa vie pour nous, m&#8217;unir \u00e0 Lui par l&#8217;offrande de ma vie pour celles et ceux que j&#8217;aime ou n&#8217;aime pas assez.<\/p>\n\n\n\n<figure class=\"wp-block-image size-large\"><img decoding=\"async\" src=\"https:\/\/i0.wp.com\/martin.armentierois.fr\/wp-content\/uploads\/2023\/07\/maundy-thursday-g3aecf424a_1920-1024x381.jpg?resize=640%2C238&#038;ssl=1\" alt=\"\" class=\"wp-image-35\" data-recalc-dims=\"1\"\/><\/figure>\n","protected":false},"excerpt":{"rendered":"<p>L&#8217;autel se situe dans le ch\u0153ur de l&#8217;\u00e9glise et \u00e0 St-Vaast dans l\u2019abside. Il repr\u00e9sente le tombeau de J\u00e9sus. C&#8217;est &hellip; <\/p>\n","protected":false},"author":1,"featured_media":1793,"comment_status":"open","ping_status":"open","sticky":false,"template":"","format":"standard","meta":{"footnotes":""},"categories":[3,4],"tags":[],"class_list":["post-33","post","type-post","status-publish","format-standard","has-post-thumbnail","hentry","category-devotion","category-sacre"],"jetpack_featured_media_url":"https:\/\/i0.wp.com\/vaast.armentierois.fr\/wp-content\/uploads\/2023\/09\/cf2a3c08-e5cc-4b8b-8507-006f41b7764d-4064-0000030e60b571b4_file-scaled.jpg?fit=2560%2C1920&ssl=1","_links":{"self":[{"href":"https:\/\/vaast.armentierois.fr\/index.php?rest_route=\/wp\/v2\/posts\/33","targetHints":{"allow":["GET"]}}],"collection":[{"href":"https:\/\/vaast.armentierois.fr\/index.php?rest_route=\/wp\/v2\/posts"}],"about":[{"href":"https:\/\/vaast.armentierois.fr\/index.php?rest_route=\/wp\/v2\/types\/post"}],"author":[{"embeddable":true,"href":"https:\/\/vaast.armentierois.fr\/index.php?rest_route=\/wp\/v2\/users\/1"}],"replies":[{"embeddable":true,"href":"https:\/\/vaast.armentierois.fr\/index.php?rest_route=%2Fwp%2Fv2%2Fcomments&post=33"}],"version-history":[{"count":7,"href":"https:\/\/vaast.armentierois.fr\/index.php?rest_route=\/wp\/v2\/posts\/33\/revisions"}],"predecessor-version":[{"id":2168,"href":"https:\/\/vaast.armentierois.fr\/index.php?rest_route=\/wp\/v2\/posts\/33\/revisions\/2168"}],"wp:featuredmedia":[{"embeddable":true,"href":"https:\/\/vaast.armentierois.fr\/index.php?rest_route=\/wp\/v2\/media\/1793"}],"wp:attachment":[{"href":"https:\/\/vaast.armentierois.fr\/index.php?rest_route=%2Fwp%2Fv2%2Fmedia&parent=33"}],"wp:term":[{"taxonomy":"category","embeddable":true,"href":"https:\/\/vaast.armentierois.fr\/index.php?rest_route=%2Fwp%2Fv2%2Fcategories&post=33"},{"taxonomy":"post_tag","embeddable":true,"href":"https:\/\/vaast.armentierois.fr\/index.php?rest_route=%2Fwp%2Fv2%2Ftags&post=33"}],"curies":[{"name":"wp","href":"https:\/\/api.w.org\/{rel}","templated":true}]}}