{"id":658,"date":"2023-07-15T11:02:17","date_gmt":"2023-07-15T09:02:17","guid":{"rendered":"http:\/\/www.nds.armentierois.fr\/?p=1"},"modified":"2023-09-14T21:03:08","modified_gmt":"2023-09-14T19:03:08","slug":"bonjour-tout-le-monde-2","status":"publish","type":"post","link":"https:\/\/vaast.armentierois.fr\/?p=658","title":{"rendered":"Description g\u00e9n\u00e9rale de l&#8217;\u00e9glise St-Vaast"},"content":{"rendered":"\n<figure class=\"wp-block-image size-large\"><img loading=\"lazy\" decoding=\"async\" width=\"640\" height=\"853\" src=\"https:\/\/i0.wp.com\/vaast.armentierois.fr\/wp-content\/uploads\/2023\/09\/64e0efab-fcb1-4bde-a1e7-16fbca645ad6-5624-0000034662ee0798_file.jpg?resize=640%2C853&#038;ssl=1\" alt=\"\" class=\"wp-image-1922\" srcset=\"https:\/\/i0.wp.com\/vaast.armentierois.fr\/wp-content\/uploads\/2023\/09\/64e0efab-fcb1-4bde-a1e7-16fbca645ad6-5624-0000034662ee0798_file-scaled.jpg?resize=768%2C1024&amp;ssl=1 768w, https:\/\/i0.wp.com\/vaast.armentierois.fr\/wp-content\/uploads\/2023\/09\/64e0efab-fcb1-4bde-a1e7-16fbca645ad6-5624-0000034662ee0798_file-scaled.jpg?resize=225%2C300&amp;ssl=1 225w, https:\/\/i0.wp.com\/vaast.armentierois.fr\/wp-content\/uploads\/2023\/09\/64e0efab-fcb1-4bde-a1e7-16fbca645ad6-5624-0000034662ee0798_file-scaled.jpg?resize=1152%2C1536&amp;ssl=1 1152w, https:\/\/i0.wp.com\/vaast.armentierois.fr\/wp-content\/uploads\/2023\/09\/64e0efab-fcb1-4bde-a1e7-16fbca645ad6-5624-0000034662ee0798_file-scaled.jpg?resize=1536%2C2048&amp;ssl=1 1536w, https:\/\/i0.wp.com\/vaast.armentierois.fr\/wp-content\/uploads\/2023\/09\/64e0efab-fcb1-4bde-a1e7-16fbca645ad6-5624-0000034662ee0798_file-scaled.jpg?w=1920&amp;ssl=1 1920w, https:\/\/i0.wp.com\/vaast.armentierois.fr\/wp-content\/uploads\/2023\/09\/64e0efab-fcb1-4bde-a1e7-16fbca645ad6-5624-0000034662ee0798_file-scaled.jpg?w=1280&amp;ssl=1 1280w\" sizes=\"auto, (max-width: 640px) 100vw, 640px\" data-recalc-dims=\"1\" \/><\/figure>\n\n\n\n<p>L&#8217;\u00e9glise Saint-Vaast, de style gothique, objet de travaux en 1899 par l&#8217;architecte Paul Vilain\u00a0afin d&#8217;y construire une tribune en b\u00e9ton arm\u00e9 (syst\u00e8me Hennebique), permettant de recevoir un orgue de la Maison\u00a0Cavaill\u00e9-Coll\u00a0de Paris, fut peu de temps apr\u00e8s d\u00e9truite lors des bombardements de la\u00a0Grande Guerre, en 1917. Elle est en grande partie reconstruite\u00a0selon les plans de\u00a0Louis Marie Cordonnier\u00a0dans une architecture n\u00e9o-r\u00e9gionaliste gothique, ou de style n\u00e9oflamand qu&#8217;appr\u00e9ciait cet architecte et qu&#8217;il d\u00e9clina \u00e9galement pour l&#8217;\u00e9glise Saint-Vaast de B\u00e9thune.<br>L&#8217;\u00e9glise, d&#8217;une longueur de quatre-vingt m\u00e8tres, poss\u00e8de un clocher culminant \u00e0 une hauteur estim\u00e9 \u00e0 83 m\u00a0; construite en brique d&#8217;Ostende et moindre en pierre, elle fait ainsi r\u00e9f\u00e9rence aux \u00e9glises gothiques flamandes en brique. L&#8217;int\u00e9rieur, tout comme ceux des \u00e9glises Saint-Vaast \u00e0\u00a0B\u00e9thune\u00a0et Saint-Pierre \u00e0\u00a0Merville, peut surprendre tout visiteur qui entre pour la premi\u00e8re fois et non habitu\u00e9 \u00e0 une telle vision de briques et de pierres dans un \u00e9difice religieux d&#8217;une taille qui appara\u00eet impressionnante.<\/p>\n\n\n\n<p>L&#8217;\u00e9glise Saint Vaast mesure 80 m\u00e8tres de long et 27,6 m\u00e8tres de largeur en fa\u00e7ade, on va m\u00eame jusqu&#8217;\u00e0 34 m\u00e8tres dans les transepts, elle couvre une surface de 2000m2. La nef monte \u00e0 21m et celles des collat\u00e9raux est de 8,6 m\u00e8tres. Le fa\u00eetage est \u00e0 27,82m et le clocher qui est sur un plan carr\u00e9 de 9,15 m\u00e8tres a des murs de 1,53 m\u00e8tres d&#8217;\u00e9paisseur (son poids est de 3700T). Le clocher monte \u00e0 81,25 m\u00e8tres.<\/p>\n\n\n\n<p>Lorsque tu entres dans l&#8217;\u00e9glise, tu remarques que beaucoup de chaises y sont install\u00e9es parce que l&#8217;\u00e9glise accueille de nombreuses personnes de tous \u00e2ges et de tous pays. Au milieu des chaises se dessine une all\u00e9e centrale, elle nous rappelle que le Christ nous a dit <strong><em>&#8220;Je suis le Chemin, la V\u00e9rit\u00e9, la Vie&#8221; Jn 14,6<\/em><\/strong>. Les chr\u00e9tiens sont invit\u00e9s \u00e0 prendre le chemin de J\u00e9sus, \u00e0 le suivre, \u00e0 s&#8217;approcher de lui, \u00e0 l&#8217;\u00e9couter lui qui est la V\u00e9rit\u00e9, lui qui nous donne les paroles de la Vie \u00e9ternelle.<\/p>\n","protected":false},"excerpt":{"rendered":"<p>L&#8217;\u00e9glise Saint-Vaast, de style gothique, objet de travaux en 1899 par l&#8217;architecte Paul Vilain\u00a0afin d&#8217;y construire une tribune en b\u00e9ton &hellip; <\/p>\n","protected":false},"author":1,"featured_media":1922,"comment_status":"open","ping_status":"open","sticky":false,"template":"","format":"standard","meta":{"footnotes":""},"categories":[6],"tags":[],"class_list":["post-658","post","type-post","status-publish","format-standard","has-post-thumbnail","hentry","category-info"],"jetpack_featured_media_url":"https:\/\/i0.wp.com\/vaast.armentierois.fr\/wp-content\/uploads\/2023\/09\/64e0efab-fcb1-4bde-a1e7-16fbca645ad6-5624-0000034662ee0798_file-scaled.jpg?fit=1920%2C2560&ssl=1","_links":{"self":[{"href":"https:\/\/vaast.armentierois.fr\/index.php?rest_route=\/wp\/v2\/posts\/658","targetHints":{"allow":["GET"]}}],"collection":[{"href":"https:\/\/vaast.armentierois.fr\/index.php?rest_route=\/wp\/v2\/posts"}],"about":[{"href":"https:\/\/vaast.armentierois.fr\/index.php?rest_route=\/wp\/v2\/types\/post"}],"author":[{"embeddable":true,"href":"https:\/\/vaast.armentierois.fr\/index.php?rest_route=\/wp\/v2\/users\/1"}],"replies":[{"embeddable":true,"href":"https:\/\/vaast.armentierois.fr\/index.php?rest_route=%2Fwp%2Fv2%2Fcomments&post=658"}],"version-history":[{"count":5,"href":"https:\/\/vaast.armentierois.fr\/index.php?rest_route=\/wp\/v2\/posts\/658\/revisions"}],"predecessor-version":[{"id":2174,"href":"https:\/\/vaast.armentierois.fr\/index.php?rest_route=\/wp\/v2\/posts\/658\/revisions\/2174"}],"wp:featuredmedia":[{"embeddable":true,"href":"https:\/\/vaast.armentierois.fr\/index.php?rest_route=\/wp\/v2\/media\/1922"}],"wp:attachment":[{"href":"https:\/\/vaast.armentierois.fr\/index.php?rest_route=%2Fwp%2Fv2%2Fmedia&parent=658"}],"wp:term":[{"taxonomy":"category","embeddable":true,"href":"https:\/\/vaast.armentierois.fr\/index.php?rest_route=%2Fwp%2Fv2%2Fcategories&post=658"},{"taxonomy":"post_tag","embeddable":true,"href":"https:\/\/vaast.armentierois.fr\/index.php?rest_route=%2Fwp%2Fv2%2Ftags&post=658"}],"curies":[{"name":"wp","href":"https:\/\/api.w.org\/{rel}","templated":true}]}}